{"id":98,"date":"2022-08-01T14:11:41","date_gmt":"2022-08-01T18:11:41","guid":{"rendered":"http:\/\/www.elmundodelapolitica.com\/v2\/?p=25589"},"modified":"2022-09-26T10:35:32","modified_gmt":"2022-09-26T14:35:32","slug":"senado-de-la-republica-aprueba-el-proyecto-de-ley-de-extincion-de-dominio","status":"publish","type":"post","link":"https:\/\/elmundodelapolitica.com\/v1\/senado-de-la-republica-aprueba-el-proyecto-de-ley-de-extincion-de-dominio\/","title":{"rendered":"Senado de la Rep\u00fablica aprueba el Proyecto de Ley de Extinci\u00f3n de Dominio"},"content":{"rendered":"\n<p><strong>Santo Domingo.&nbsp;<\/strong>El Senado de la Rep\u00fablica aprob\u00f3 en \u00fanica lectura el Proyecto de Ley de Extinci\u00f3n de Dominio, que tiene por objetivo principal recuperar los bienes que provengan directa o indirectamente de un hecho il\u00edcito realizado en el territorio nacional o en el extranjero.<\/p>\n\n\n\n<figure class=\"wp-block-image\"><img decoding=\"async\" src=\"https:\/\/www.senadord.gob.do\/wp-content\/uploads\/2022\/07\/El-Senado-de-la-Republica-aprueba-el-Proyecto-de-Ley-de-Extincion-de-Dominio1-1024x682.jpeg\" alt=\"El Senado de la Republica aprueba el Proyecto de Ley de Extincion de Dominio1\" class=\"wp-image-34004\" title=\"El Senado de la Rep\u00fablica aprueba el Proyecto de Ley de Extinci\u00f3n de Dominio 1\"\/><\/figure>\n\n\n\n<p>El presidente de la C\u00e1mara Alta, Eduardo Estrella, dijo que la Ley de Extinci\u00f3n de Dominio fue aprobada tal como el pueblo la quer\u00eda, como una ley org\u00e1nica. \u201cVotada a unanimidad, la Ley de Extinci\u00f3n de Dominio, que se va como la sociedad quer\u00eda, como una ley org\u00e1nica al Poder Ejecutivo\u201d, se\u00f1al\u00f3.<\/p>\n\n\n\n<figure class=\"wp-block-image\"><img decoding=\"async\" src=\"https:\/\/www.senadord.gob.do\/wp-content\/uploads\/2022\/07\/El-Senado-de-la-Republica-aprueba-el-Proyecto-de-Ley-de-Extincion-de-Dominio4-1024x682.jpeg\" alt=\"El Senado de la Republica aprueba el Proyecto de Ley de Extincion de Dominio4\" class=\"wp-image-34005\" title=\"El Senado de la Rep\u00fablica aprueba el Proyecto de Ley de Extinci\u00f3n de Dominio 2\"\/><\/figure>\n\n\n\n<p>La normativa indica que el juicio de extinci\u00f3n de dominio es independiente y aut\u00f3nomo del procedimiento penal, civil o de cualquier otra naturaleza jurisdiccional, administrativa o arbitral. La existencia de otro proceso judicial no podr\u00e1 ser obst\u00e1culo para el inicio de un caso de extinci\u00f3n de dominio.<\/p>\n\n\n\n<p>De igual manera, la iniciativa legislativa contempla presunci\u00f3n de buena fe en todo acto de negocio jur\u00eddico relacionado con la adquisici\u00f3n o destinaci\u00f3n de bienes, la imparcialidad e independencia de los jueces que conozcan estos procesos y la magnitud del da\u00f1o con el o los cr\u00edmenes que sirven de base para sustentar cada acci\u00f3n judicial por enriquecimiento il\u00edcito.<\/p>\n\n\n\n<figure class=\"wp-block-image\"><img decoding=\"async\" src=\"https:\/\/www.senadord.gob.do\/wp-content\/uploads\/2022\/07\/El-Senado-de-la-Republica-aprueba-el-Proyecto-de-Ley-de-Extincion-de-Dominio5-1024x682.jpeg\" alt=\"El Senado de la Republica aprueba el Proyecto de Ley de Extincion de Dominio5\" class=\"wp-image-34006\" title=\"El Senado de la Rep\u00fablica aprueba el Proyecto de Ley de Extinci\u00f3n de Dominio 3\"\/><\/figure>\n\n\n\n<p>La pieza legislativa fue presentada por separado por los senadores Antonio Taveras Guzm\u00e1n (Provincia Santo Domingo); Milc\u00edades Franjul (Peravia); F\u00e9lix Bautista (San Juan); Aris Yv\u00e1n Lorenzo (El\u00edas Pi\u00f1a); y Jos\u00e9 Del Castillo Savi\u00f1\u00f3n (Barahona).<\/p>\n\n\n\n<p>La extinci\u00f3n de dominio es una normativa jur\u00eddica dirigida contra los bienes de origen o destinaci\u00f3n il\u00edcita, la cual constituye una herramienta para la persecuci\u00f3n de los activos obtenidos a trav\u00e9s del crimen organizado, la corrupci\u00f3n y otras actividades criminales.<\/p>\n\n\n\n<figure class=\"wp-block-image\"><img decoding=\"async\" src=\"https:\/\/www.senadord.gob.do\/wp-content\/uploads\/2022\/07\/El-Senado-de-la-Republica-aprueba-el-Proyecto-de-Ley-de-Extincion-de-Dominio0-683x1024.jpeg\" alt=\"El Senado de la Republica aprueba el Proyecto de Ley de Extincion de Dominio0\" class=\"wp-image-34007\" title=\"El Senado de la Rep\u00fablica aprueba el Proyecto de Ley de Extinci\u00f3n de Dominio 4\"\/><\/figure>\n\n\n\n<p>El proyecto de ley establece reglamentos para los procesos de extinci\u00f3n de dominio de bienes il\u00edcitos, previstos en la Constituci\u00f3n de la Rep\u00fablica Dominicana. Adem\u00e1s, define las competencias y facultades de las autoridades responsables de su aplicaci\u00f3n.<\/p>\n\n\n\n<p>La normativa constituye, adem\u00e1s, una herramienta para castigar la corrupci\u00f3n administrativa, el lavado de activos, el tr\u00e1fico de drogas, la trata de personas, incluyendo inmigrantes ilegales y el proxenetismo, entre otros delitos.<\/p>\n\n\n\n<p>Los senadores aprobaron en segunda lectura el Proyecto de Ley que Designa con el Nombre de Doctor Jos\u00e9 Francisco Pe\u00f1a G\u00f3mez, la Avenida Circunvalaci\u00f3n de Santo Domingo, Iniciativa presentada por los senadores Crist\u00f3bal Castillo, Eddy Nolasco, Carlos G\u00f3mez y Ram\u00f3n Pimentel.<\/p>\n\n\n\n<p>Tambi\u00e9n aprobaron el Proyecto de Ley que Designa con el Nombre de Doctor Juan Belarmino Rodr\u00edguez \u00c1lvarez (Chiquit\u00edn), la calle ubicada en la margen Oeste del Palacio de Justicia de la ciudad de San Fernando de Montecristi, tramo comprendido desde la calle Pimentel, hasta la calle Proyecto, en el Barrio Las Colinas del municipio de Montecristi, presentada por el senador Ram\u00f3n Pimentel.<\/p>\n\n\n\n<p>El Pleno del Senado aprob\u00f3 la Resoluci\u00f3n de reconocimiento al beisbolista David Ortiz, por ser exaltado al Sal\u00f3n de la Fama de Cooperstown. La propuesta, presentada por el senador Alexis Victoria, indica que, con su elecci\u00f3n, el llamado Big Papi se convierte en el cuarto dominicano en ingresar a la inmortalidad.<\/p>\n\n\n\n<p>En la sesi\u00f3n, los senadores honraron con un minuto de silencio el fallecimiento del dirigente pol\u00edtico Danilo Isidro Morrobel, exalcalde del municipio Luper\u00f3n, en Puerto Plata.<\/p>\n\n\n\n<p>Durante el turno de ponencias, el senador Ing. Ram\u00f3n Rogelio Genao (La Vega) anunci\u00f3 la conformaci\u00f3n de un nuevo bloque en el Senado de la Rep\u00fablica, compuesto por \u00e9l y por el senador Antonio Marte (Santiago Rodr\u00edguez).<\/p>\n\n\n\n<p>El vicepresidente de la C\u00e1mara Alta, Santiago Jos\u00e9 Zorrilla, invit\u00f3 a sus colegas a que le acompa\u00f1en el pr\u00f3ximo jueves al reconocimiento que el Senado de la Rep\u00fablica realizar\u00e1 al escultor Genaro Reyes (Cayuco), en el municipio de Miches, El Seibo.<\/p>\n\n\n\n<p>En tanto, el senador Milc\u00edades Franjul (Peravia) reconoci\u00f3 la labor del Senado de la Rep\u00fablica, al arribar al final de la Primera Legislatura de 2022. Resalt\u00f3 la concordia con la que se trabaja en la C\u00e1mara Alta.<\/p>\n\n\n\n<p>El senador Dr. Bautista Rojas G\u00f3mez (Hermanas Mirabal) record\u00f3 importantes acontecimientos hist\u00f3ricos ocurridos un 26 de julio, como el ajusticiamiento de Ulises Heureaux en 1899, en Moca; y, en 1952, el asalto al Cuartel Moncada, en Cuba, liderado por Fidel Castro.<\/p>\n","protected":false},"excerpt":{"rendered":"<p>Santo Domingo.&nbsp;El Senado de la Rep\u00fablica aprob\u00f3 en \u00fanica lectura el Proyecto de Ley de Extinci\u00f3n de Dominio, que tiene por objetivo principal recuperar los bienes que provengan directa o&hellip; <\/p>\n","protected":false},"author":2,"featured_media":99,"comment_status":"closed","ping_status":"open","sticky":false,"template":"","format":"standard","meta":{"fifu_image_url":"","fifu_image_alt":"","footnotes":""},"categories":[55],"tags":[],"class_list":["post-98","post","type-post","status-publish","format-standard","has-post-thumbnail","hentry","category-congreso-y-legislacion"],"_links":{"self":[{"href":"https:\/\/elmundodelapolitica.com\/v1\/wp-json\/wp\/v2\/posts\/98","targetHints":{"allow":["GET"]}}],"collection":[{"href":"https:\/\/elmundodelapolitica.com\/v1\/wp-json\/wp\/v2\/posts"}],"about":[{"href":"https:\/\/elmundodelapolitica.com\/v1\/wp-json\/wp\/v2\/types\/post"}],"author":[{"embeddable":true,"href":"https:\/\/elmundodelapolitica.com\/v1\/wp-json\/wp\/v2\/users\/2"}],"replies":[{"embeddable":true,"href":"https:\/\/elmundodelapolitica.com\/v1\/wp-json\/wp\/v2\/comments?post=98"}],"version-history":[{"count":1,"href":"https:\/\/elmundodelapolitica.com\/v1\/wp-json\/wp\/v2\/posts\/98\/revisions"}],"predecessor-version":[{"id":428,"href":"https:\/\/elmundodelapolitica.com\/v1\/wp-json\/wp\/v2\/posts\/98\/revisions\/428"}],"wp:featuredmedia":[{"embeddable":true,"href":"https:\/\/elmundodelapolitica.com\/v1\/wp-json\/wp\/v2\/media\/99"}],"wp:attachment":[{"href":"https:\/\/elmundodelapolitica.com\/v1\/wp-json\/wp\/v2\/media?parent=98"}],"wp:term":[{"taxonomy":"category","embeddable":true,"href":"https:\/\/elmundodelapolitica.com\/v1\/wp-json\/wp\/v2\/categories?post=98"},{"taxonomy":"post_tag","embeddable":true,"href":"https:\/\/elmundodelapolitica.com\/v1\/wp-json\/wp\/v2\/tags?post=98"}],"curies":[{"name":"wp","href":"https:\/\/api.w.org\/{rel}","templated":true}]}}