{"id":975,"date":"2022-11-05T01:04:41","date_gmt":"2022-11-05T05:04:41","guid":{"rendered":"https:\/\/elmundodelapolitica.com\/v1\/?p=975"},"modified":"2022-11-05T01:04:41","modified_gmt":"2022-11-05T05:04:41","slug":"resumen-q4-inc-anuncia-los-resultados-del-tercer-trimestre-de-2022","status":"publish","type":"post","link":"https:\/\/elmundodelapolitica.com\/v1\/resumen-q4-inc-anuncia-los-resultados-del-tercer-trimestre-de-2022\/","title":{"rendered":"Resumen: Q4 Inc. anuncia los resultados del tercer trimestre de 2022"},"content":{"rendered":"<p>Aceleraci\u00f3n de las iniciativas estrat\u00e9gicas que impulsen el crecimiento rentable<br \/>\nTORONTO&#8211;(BUSINESS WIRE)&#8211;Q4 Inc. (TSX:QFOR) (\"Q4&#8243; o la \"empresa\"), una plataforma de comunicaci\u00f3n l\u00edder en los mercados de capitales, ha anunciado hoy sus resultados financieros correspondientes al periodo de tres y nueve meses finalizado el 30 de septiembre de 2022. Todos los importes est\u00e1n expresados en d\u00f3lares estadounidenses, a menos que se indique lo contrario.<\/p>\n<p>\"Los resultados del tercer trimestre reflejan el progreso hacia nuestra visi\u00f3n estrat\u00e9gica global y las acciones emprendidas para lograr un crecimiento rentable sostenido\", ha declarado Darrell Heaps, CEO de Q4.<\/p>\n<p>El comunicado en el idioma original es la versi\u00f3n oficial y autorizada del mismo. Esta traducci\u00f3n es solamente un medio de ayuda y deber\u00e1 ser comparada con el texto en idioma original, que es la \u00fanica versi\u00f3n del texto que tendr\u00e1 validez legal.<br \/>\n Contacts<br \/>\nInvestor Relations:<br \/>\nSara Pearson,\u00a0ir@q4inc.com<\/p>\n<p>Media Inquiries:<br \/>\nHeather Noll,\u00a0media@q4inc.com<\/p>\n","protected":false},"excerpt":{"rendered":"<div>\n<p class=\"bwalignc\">\n<strong><i>Aceleraci\u00f3n de las iniciativas estrat\u00e9gicas que impulsen el crecimiento rentable<\/i><\/strong>\n<\/p>\n<p>TORONTO&#8211;(BUSINESS WIRE)&#8211;Q4 Inc. (TSX:QFOR) (\"Q4&#8243; o la \"empresa\"), una plataforma de comunicaci\u00f3n l\u00edder en los mercados de capitales, ha anunciado hoy sus resultados financieros correspondientes al periodo de tres y nueve meses finalizado el 30 de septiembre de 2022. Todos los importes est\u00e1n expresados en d\u00f3lares estadounidenses, a menos que se indique lo contrario.\n<\/p>\n<p><a href=\"https:\/\/mms.businesswire.com\/media\/20221104005170\/es\/793057\/5\/Q4_RBG.jpg\"><img decoding=\"async\" src=\"https:\/\/mms.businesswire.com\/media\/20221104005166\/en\/793057\/21\/Q4_RBG.jpg\"><\/a><\/p>\n<p>\n\"Los resultados del tercer trimestre reflejan el progreso hacia nuestra visi\u00f3n estrat\u00e9gica global y las acciones emprendidas para lograr un crecimiento rentable sostenido\", ha declarado Darrell Heaps, CEO de Q4.\n<\/p>\n<p>\nEl comunicado en el idioma original es la versi\u00f3n oficial y autorizada del mismo. Esta traducci\u00f3n es solamente un medio de ayuda y deber\u00e1 ser comparada con el texto en idioma original, que es la \u00fanica versi\u00f3n del texto que tendr\u00e1 validez legal.\n<\/p>\n<p> <b>Contacts<\/b> <\/p>\n<p>\nInvestor Relations:<br \/>\n<br \/>Sara Pearson,\u00a0<a target=\"_blank\" href=\"mailto:ir@q4inc.com\" rel=\"nofollow noopener\">ir@q4inc.com<\/a>\n<\/p>\n<p>\nMedia Inquiries:<br \/>\n<br \/>Heather Noll,\u00a0<a target=\"_blank\" href=\"mailto:media@q4inc.com\" rel=\"nofollow noopener\">media@q4inc.com<\/a>\n<\/p>\n<\/div>\n","protected":false},"author":2,"featured_media":976,"comment_status":"closed","ping_status":"closed","sticky":false,"template":"","format":"standard","meta":{"fifu_image_url":"","fifu_image_alt":"","footnotes":""},"categories":[44],"tags":[],"class_list":["post-975","post","type-post","status-publish","format-standard","has-post-thumbnail","hentry","category-business-wire"],"_links":{"self":[{"href":"https:\/\/elmundodelapolitica.com\/v1\/wp-json\/wp\/v2\/posts\/975","targetHints":{"allow":["GET"]}}],"collection":[{"href":"https:\/\/elmundodelapolitica.com\/v1\/wp-json\/wp\/v2\/posts"}],"about":[{"href":"https:\/\/elmundodelapolitica.com\/v1\/wp-json\/wp\/v2\/types\/post"}],"author":[{"embeddable":true,"href":"https:\/\/elmundodelapolitica.com\/v1\/wp-json\/wp\/v2\/users\/2"}],"replies":[{"embeddable":true,"href":"https:\/\/elmundodelapolitica.com\/v1\/wp-json\/wp\/v2\/comments?post=975"}],"version-history":[{"count":0,"href":"https:\/\/elmundodelapolitica.com\/v1\/wp-json\/wp\/v2\/posts\/975\/revisions"}],"wp:featuredmedia":[{"embeddable":true,"href":"https:\/\/elmundodelapolitica.com\/v1\/wp-json\/wp\/v2\/media\/976"}],"wp:attachment":[{"href":"https:\/\/elmundodelapolitica.com\/v1\/wp-json\/wp\/v2\/media?parent=975"}],"wp:term":[{"taxonomy":"category","embeddable":true,"href":"https:\/\/elmundodelapolitica.com\/v1\/wp-json\/wp\/v2\/categories?post=975"},{"taxonomy":"post_tag","embeddable":true,"href":"https:\/\/elmundodelapolitica.com\/v1\/wp-json\/wp\/v2\/tags?post=975"}],"curies":[{"name":"wp","href":"https:\/\/api.w.org\/{rel}","templated":true}]}}