{"id":973,"date":"2022-11-04T01:00:58","date_gmt":"2022-11-04T05:00:58","guid":{"rendered":"https:\/\/elmundodelapolitica.com\/v1\/?p=973"},"modified":"2022-11-04T01:00:58","modified_gmt":"2022-11-04T05:00:58","slug":"resumen-la-policia-britanica-aprovecha-la-inteligencia-de-localizacion-de-precisely-para-mantener-la-seguridad-de-los-lideres-mundiales-en-la-cumbre-mundial","status":"publish","type":"post","link":"https:\/\/elmundodelapolitica.com\/v1\/resumen-la-policia-britanica-aprovecha-la-inteligencia-de-localizacion-de-precisely-para-mantener-la-seguridad-de-los-lideres-mundiales-en-la-cumbre-mundial\/","title":{"rendered":"Resumen: La polic\u00eda brit\u00e1nica aprovecha la inteligencia de localizaci\u00f3n de Precisely para mantener la seguridad de los l\u00edderes mundiales en la cumbre mundial"},"content":{"rendered":"<p>La Polic\u00eda de Devon y Cornualles revela el uso innovador de la tecnolog\u00eda del sistema de informaci\u00f3n geogr\u00e1fica (SIG) para la planificaci\u00f3n de la seguridad, donde MapInfo Pro tendr\u00e1 un papel importante para sacar el m\u00e1ximo provecho de los datos geoespaciales<br \/>\nBURLINGTON, Mass.&#8211;(BUSINESS WIRE)&#8211;Precisely, l\u00edder mundial en integridad de datos, ha anunciado hoy que la Polic\u00eda de Devon y Cornualles ha utilizado su software SIG para mejorar las medidas de seguridad durante la Cumbre del G7 de 2021, la reuni\u00f3n anual de los l\u00edderes pol\u00edticos de siete de las principales democracias del mundo. El cuerpo de polic\u00eda local combin\u00f3 MapInfo Pro con visualizaciones 3D de terceros para crear un gemelo digital que permitiera planificar con precisi\u00f3n las contingencias, bas\u00e1ndose en un modelo que ten\u00eda una precisi\u00f3n de hasta cinco mil\u00edmetros.<\/p>\n<p>El comunicado en el idioma original es la versi\u00f3n oficial y autorizada del mismo. Esta traducci\u00f3n es solamente un medio de ayuda y deber\u00e1 ser comparada con el texto en idioma original, que es la \u00fanica versi\u00f3n del texto que tendr\u00e1 validez legal.<br \/>\n Contacts<br \/>\nNed Tadic (US)<br \/>\nEmma Forrest (Global)<br \/>\npress@precisely.com<\/p>\n","protected":false},"excerpt":{"rendered":"<div>\n<p class=\"bwalignc\">\n<i>La Polic\u00eda de Devon y Cornualles revela el uso innovador de la tecnolog\u00eda del sistema de informaci\u00f3n geogr\u00e1fica (SIG) para la planificaci\u00f3n de la seguridad, donde MapInfo Pro tendr\u00e1 un papel importante para sacar el m\u00e1ximo provecho de los datos geoespaciales<\/i>\n<\/p>\n<p>BURLINGTON, Mass.&#8211;(BUSINESS WIRE)&#8211;<a target=\"_blank\" href=\"https:\/\/cts.businesswire.com\/ct\/CT?id=smartlink&amp;url=https%3A%2F%2Fwww.precisely.com%2F%3Futm_source%3DReferral%26utm_medium%3DPress-Release&amp;esheet=52958446&amp;newsitemid=20221020006185&amp;lan=es-ES&amp;anchor=Precisely&amp;index=1&amp;md5=3d3694757d7a4d49757e8e8f04abdbd3\" rel=\"nofollow noopener\">Precisely<\/a>, l\u00edder mundial en integridad de datos, ha anunciado hoy que la Polic\u00eda de Devon y Cornualles ha utilizado su software SIG para mejorar las medidas de seguridad durante la Cumbre del G7 de 2021, la reuni\u00f3n anual de los l\u00edderes pol\u00edticos de siete de las principales democracias del mundo. El cuerpo de polic\u00eda local combin\u00f3 <a target=\"_blank\" href=\"https:\/\/cts.businesswire.com\/ct\/CT?id=smartlink&amp;url=https%3A%2F%2Fwww.precisely.com%2Fproduct%2Fprecisely-mapinfo%2Fmapinfo-pro%3Futm_source%3DReferral%26utm_medium%3DPress-Release&amp;esheet=52958446&amp;newsitemid=20221020006185&amp;lan=es-ES&amp;anchor=MapInfo+Pro&amp;index=2&amp;md5=25b7fc8accb832e2a5b4c0e013078efd\" rel=\"nofollow noopener\">MapInfo Pro<\/a> con visualizaciones 3D de terceros para crear un gemelo digital que permitiera planificar con precisi\u00f3n las contingencias, bas\u00e1ndose en un modelo que ten\u00eda una precisi\u00f3n de hasta cinco mil\u00edmetros.\n<\/p>\n<p><a href=\"https:\/\/mms.businesswire.com\/media\/20221020006185\/es\/832443\/5\/4382481_Precisely_wordmark_rgb_purple.jpg\"><img decoding=\"async\" src=\"https:\/\/mms.businesswire.com\/media\/20221020006182\/en\/832443\/21\/4382481_Precisely_wordmark_rgb_purple.jpg\"><\/a><\/p>\n<p>\nEl comunicado en el idioma original es la versi\u00f3n oficial y autorizada del mismo. Esta traducci\u00f3n es solamente un medio de ayuda y deber\u00e1 ser comparada con el texto en idioma original, que es la \u00fanica versi\u00f3n del texto que tendr\u00e1 validez legal.\n<\/p>\n<p> <b>Contacts<\/b> <\/p>\n<p>\nNed Tadic (US)<br \/>\n<br \/>Emma Forrest (Global)<br \/>\n<br \/><a target=\"_blank\" href=\"mailto:press@precisely.com\" rel=\"nofollow noopener\">press@precisely.com<\/a>\n<\/p>\n<\/div>\n","protected":false},"author":2,"featured_media":974,"comment_status":"closed","ping_status":"closed","sticky":false,"template":"","format":"standard","meta":{"fifu_image_url":"","fifu_image_alt":"","footnotes":""},"categories":[44],"tags":[],"class_list":["post-973","post","type-post","status-publish","format-standard","has-post-thumbnail","hentry","category-business-wire"],"_links":{"self":[{"href":"https:\/\/elmundodelapolitica.com\/v1\/wp-json\/wp\/v2\/posts\/973","targetHints":{"allow":["GET"]}}],"collection":[{"href":"https:\/\/elmundodelapolitica.com\/v1\/wp-json\/wp\/v2\/posts"}],"about":[{"href":"https:\/\/elmundodelapolitica.com\/v1\/wp-json\/wp\/v2\/types\/post"}],"author":[{"embeddable":true,"href":"https:\/\/elmundodelapolitica.com\/v1\/wp-json\/wp\/v2\/users\/2"}],"replies":[{"embeddable":true,"href":"https:\/\/elmundodelapolitica.com\/v1\/wp-json\/wp\/v2\/comments?post=973"}],"version-history":[{"count":0,"href":"https:\/\/elmundodelapolitica.com\/v1\/wp-json\/wp\/v2\/posts\/973\/revisions"}],"wp:featuredmedia":[{"embeddable":true,"href":"https:\/\/elmundodelapolitica.com\/v1\/wp-json\/wp\/v2\/media\/974"}],"wp:attachment":[{"href":"https:\/\/elmundodelapolitica.com\/v1\/wp-json\/wp\/v2\/media?parent=973"}],"wp:term":[{"taxonomy":"category","embeddable":true,"href":"https:\/\/elmundodelapolitica.com\/v1\/wp-json\/wp\/v2\/categories?post=973"},{"taxonomy":"post_tag","embeddable":true,"href":"https:\/\/elmundodelapolitica.com\/v1\/wp-json\/wp\/v2\/tags?post=973"}],"curies":[{"name":"wp","href":"https:\/\/api.w.org\/{rel}","templated":true}]}}