{"id":96,"date":"2022-08-05T15:08:06","date_gmt":"2022-08-05T19:08:06","guid":{"rendered":"http:\/\/www.elmundodelapolitica.com\/v2\/?p=25592"},"modified":"2022-09-26T10:35:31","modified_gmt":"2022-09-26T14:35:31","slug":"prm-escoge-por-consenso-comision-que-reunira-al-bloque-de-senadores-y-diputados-del-partido","status":"publish","type":"post","link":"https:\/\/elmundodelapolitica.com\/v1\/prm-escoge-por-consenso-comision-que-reunira-al-bloque-de-senadores-y-diputados-del-partido\/","title":{"rendered":"PRM escoge por consenso comisi\u00f3n que reunir\u00e1 al bloque de senadores y diputados del partido"},"content":{"rendered":"\n<p><strong>Santo Domingo.-<\/strong>&nbsp;La Direcci\u00f3n Ejecutiva del Partido Revolucionario Moderno (PRM)&nbsp; escogi\u00f3 por consenso una comisi\u00f3n que tendr\u00e1 la responsabilidad de convocar para esta semana tanto al bloque de senadores del PRM como a los diputados de dicha organizaci\u00f3n, tal como lo indica la letra F del art\u00edculo 28 de los estatutos del partido, que manda a escuchar a sus legisladores previo a la toma decisi\u00f3n sobre la conformaci\u00f3n de los respectivos bufetes.<\/p>\n\n\n\n<figure class=\"wp-block-image\"><img decoding=\"async\" src=\"https:\/\/i0.wp.com\/prm.org.do\/wp-content\/uploads\/2022\/08\/prm2.jpeg?resize=1024%2C682&amp;ssl=1\" alt=\"\" class=\"wp-image-33574\"\/><\/figure>\n\n\n\n<p>La comitiva est\u00e1 encabezada por el vicepresidente y coordinador general de la presidencia del partido, Eddy Olivares, que adem\u00e1s estar\u00e1 compuesta por Nelson Arroyo, Josefa Castillo y V\u00edctor D\u2019 Aza. &nbsp;<\/p>\n\n\n\n<p>Asi lo inform\u00f3 el presidente del PRM, Jos\u00e9 Ignacio Paliza mediante una rueda de prensa luego de concluir la acostumbrada reuni\u00f3n en la Casa Nacional del PRM.&nbsp;<\/p>\n\n\n\n<p>Dicha comisi\u00f3n tendr\u00e1 que rendir un informe a la direcci\u00f3n ejecutiva del PRM&nbsp;como es de costumbre y se convoc\u00f3 para el pr\u00f3ximo martes 9 de agosto a las 4 de la tarde.&nbsp;<\/p>\n\n\n\n<p>La reuni\u00f3n se desaroll\u00f3 dentro de un gran ambiente de paz y confraternidad.<\/p>\n","protected":false},"excerpt":{"rendered":"<p>Santo Domingo.-&nbsp;La Direcci\u00f3n Ejecutiva del Partido Revolucionario Moderno (PRM)&nbsp; escogi\u00f3 por consenso una comisi\u00f3n que tendr\u00e1 la responsabilidad de convocar para esta semana tanto al bloque de senadores del PRM&hellip; <\/p>\n","protected":false},"author":2,"featured_media":97,"comment_status":"closed","ping_status":"open","sticky":false,"template":"","format":"standard","meta":{"fifu_image_url":"","fifu_image_alt":"","footnotes":""},"categories":[5],"tags":[],"class_list":["post-96","post","type-post","status-publish","format-standard","has-post-thumbnail","hentry","category-partidos"],"_links":{"self":[{"href":"https:\/\/elmundodelapolitica.com\/v1\/wp-json\/wp\/v2\/posts\/96","targetHints":{"allow":["GET"]}}],"collection":[{"href":"https:\/\/elmundodelapolitica.com\/v1\/wp-json\/wp\/v2\/posts"}],"about":[{"href":"https:\/\/elmundodelapolitica.com\/v1\/wp-json\/wp\/v2\/types\/post"}],"author":[{"embeddable":true,"href":"https:\/\/elmundodelapolitica.com\/v1\/wp-json\/wp\/v2\/users\/2"}],"replies":[{"embeddable":true,"href":"https:\/\/elmundodelapolitica.com\/v1\/wp-json\/wp\/v2\/comments?post=96"}],"version-history":[{"count":1,"href":"https:\/\/elmundodelapolitica.com\/v1\/wp-json\/wp\/v2\/posts\/96\/revisions"}],"predecessor-version":[{"id":427,"href":"https:\/\/elmundodelapolitica.com\/v1\/wp-json\/wp\/v2\/posts\/96\/revisions\/427"}],"wp:featuredmedia":[{"embeddable":true,"href":"https:\/\/elmundodelapolitica.com\/v1\/wp-json\/wp\/v2\/media\/97"}],"wp:attachment":[{"href":"https:\/\/elmundodelapolitica.com\/v1\/wp-json\/wp\/v2\/media?parent=96"}],"wp:term":[{"taxonomy":"category","embeddable":true,"href":"https:\/\/elmundodelapolitica.com\/v1\/wp-json\/wp\/v2\/categories?post=96"},{"taxonomy":"post_tag","embeddable":true,"href":"https:\/\/elmundodelapolitica.com\/v1\/wp-json\/wp\/v2\/tags?post=96"}],"curies":[{"name":"wp","href":"https:\/\/api.w.org\/{rel}","templated":true}]}}