{"id":958,"date":"2022-11-03T22:15:44","date_gmt":"2022-11-04T02:15:44","guid":{"rendered":"https:\/\/elmundodelapolitica.com\/v1\/?p=958"},"modified":"2022-11-03T22:15:45","modified_gmt":"2022-11-04T02:15:45","slug":"la-vulnerabilidad-de-la-republica-dominicana-ante-el-paso-de-fenomenos-atmosfericos-es-multifactorial-advierten-expertos-en-funglode","status":"publish","type":"post","link":"https:\/\/elmundodelapolitica.com\/v1\/la-vulnerabilidad-de-la-republica-dominicana-ante-el-paso-de-fenomenos-atmosfericos-es-multifactorial-advierten-expertos-en-funglode\/","title":{"rendered":"<strong>La vulnerabilidad de la Rep\u00fablica Dominicana ante el paso de fen\u00f3menos atmosf\u00e9ricos es multifactorial, advierten expertos en Funglode<\/strong>"},"content":{"rendered":"\n<blockquote class=\"wp-block-quote is-layout-flow wp-block-quote-is-layout-flow\">\n<p>Organizado por el Centro de Estudios de Medio Ambiente, Energ\u00eda y Desarrollo Sostenible, Francisco Holgu\u00edn, Jos\u00e9 Alarc\u00f3n Mella y Carlos Paulino C\u00e1rdenas participaron en el panel \u201cVulnerabilidad de la Rep\u00fablica Dominicana ante fen\u00f3menos meteorol\u00f3gicos\u201d, este mi\u00e9rcoles 2 de noviembre de 2022, en Funglode.<\/p>\n<\/blockquote>\n\n\n\n<p><strong>SANTO DOMINGO.<\/strong>&nbsp;\u2013 Edificaciones fraudulentas, con baja calidad y grandes emplazamientos urbanos no planificados, en zonas de alto riesgo son parte de los factores que inciden en la alta vulnerabilidad que tiene la Rep\u00fablica Dominicana cuando enfrenta fen\u00f3menos meteorol\u00f3gicos.<\/p>\n\n\n\n<figure class=\"wp-block-gallery has-nested-images columns-2 is-cropped wp-block-gallery-1 is-layout-flex wp-block-gallery-is-layout-flex\">\n<figure class=\"wp-block-image size-large\"><img loading=\"lazy\" decoding=\"async\" width=\"1024\" height=\"683\" data-id=\"959\" src=\"https:\/\/elmundodelapolitica.com\/v1\/wp-content\/uploads\/2022\/11\/1-1024x683.jpg\" alt=\"\" class=\"wp-image-959\" srcset=\"https:\/\/elmundodelapolitica.com\/v1\/wp-content\/uploads\/2022\/11\/1-1024x683.jpg 1024w, https:\/\/elmundodelapolitica.com\/v1\/wp-content\/uploads\/2022\/11\/1-300x200.jpg 300w, https:\/\/elmundodelapolitica.com\/v1\/wp-content\/uploads\/2022\/11\/1-768x512.jpg 768w, https:\/\/elmundodelapolitica.com\/v1\/wp-content\/uploads\/2022\/11\/1-1536x1024.jpg 1536w, https:\/\/elmundodelapolitica.com\/v1\/wp-content\/uploads\/2022\/11\/1-2048x1366.jpg 2048w\" sizes=\"auto, (max-width: 1024px) 100vw, 1024px\" \/><\/figure>\n\n\n\n<figure class=\"wp-block-image size-large\"><img loading=\"lazy\" decoding=\"async\" width=\"1024\" height=\"683\" data-id=\"960\" src=\"https:\/\/elmundodelapolitica.com\/v1\/wp-content\/uploads\/2022\/11\/2-1-1024x683.jpg\" alt=\"\" class=\"wp-image-960\" srcset=\"https:\/\/elmundodelapolitica.com\/v1\/wp-content\/uploads\/2022\/11\/2-1-1024x683.jpg 1024w, https:\/\/elmundodelapolitica.com\/v1\/wp-content\/uploads\/2022\/11\/2-1-300x200.jpg 300w, https:\/\/elmundodelapolitica.com\/v1\/wp-content\/uploads\/2022\/11\/2-1-768x512.jpg 768w, https:\/\/elmundodelapolitica.com\/v1\/wp-content\/uploads\/2022\/11\/2-1-1536x1024.jpg 1536w, https:\/\/elmundodelapolitica.com\/v1\/wp-content\/uploads\/2022\/11\/2-1-2048x1366.jpg 2048w\" sizes=\"auto, (max-width: 1024px) 100vw, 1024px\" \/><\/figure>\n\n\n\n<figure class=\"wp-block-image size-large\"><img loading=\"lazy\" decoding=\"async\" width=\"2560\" height=\"1707\" data-id=\"961\" src=\"https:\/\/elmundodelapolitica.com\/v1\/wp-content\/uploads\/2022\/11\/3-1024x683.jpg\" alt=\"\" class=\"wp-image-961\" srcset=\"https:\/\/elmundodelapolitica.com\/v1\/wp-content\/uploads\/2022\/11\/3-1024x683.jpg 1024w, https:\/\/elmundodelapolitica.com\/v1\/wp-content\/uploads\/2022\/11\/3-300x200.jpg 300w, https:\/\/elmundodelapolitica.com\/v1\/wp-content\/uploads\/2022\/11\/3-768x512.jpg 768w, https:\/\/elmundodelapolitica.com\/v1\/wp-content\/uploads\/2022\/11\/3-1536x1024.jpg 1536w, https:\/\/elmundodelapolitica.com\/v1\/wp-content\/uploads\/2022\/11\/3-2048x1366.jpg 2048w\" sizes=\"auto, (max-width: 2560px) 100vw, 2560px\" \/><\/figure>\n\n\n\n<figure class=\"wp-block-image size-large\"><img loading=\"lazy\" decoding=\"async\" width=\"1024\" height=\"683\" data-id=\"962\" src=\"https:\/\/elmundodelapolitica.com\/v1\/wp-content\/uploads\/2022\/11\/4-1024x683.jpg\" alt=\"\" class=\"wp-image-962\" srcset=\"https:\/\/elmundodelapolitica.com\/v1\/wp-content\/uploads\/2022\/11\/4-1024x683.jpg 1024w, https:\/\/elmundodelapolitica.com\/v1\/wp-content\/uploads\/2022\/11\/4-300x200.jpg 300w, https:\/\/elmundodelapolitica.com\/v1\/wp-content\/uploads\/2022\/11\/4-768x512.jpg 768w, https:\/\/elmundodelapolitica.com\/v1\/wp-content\/uploads\/2022\/11\/4-1536x1024.jpg 1536w, https:\/\/elmundodelapolitica.com\/v1\/wp-content\/uploads\/2022\/11\/4-2048x1366.jpg 2048w\" sizes=\"auto, (max-width: 1024px) 100vw, 1024px\" \/><\/figure>\n<\/figure>\n\n\n\n<p>El diagn\u00f3stico fue compartido en la Fundaci\u00f3n Global Democracia y Desarrollo (Funglode) en un panel organizado por su Centro de Estudios de Medio Ambiente, Energ\u00eda y Desarrollo Sostenible, este mi\u00e9rcoles 2 de noviembre de 2022.<\/p>\n\n\n\n<p>En el encuentro participaron Francisco Holgu\u00edn, encargado del departamento de Hidrometeorol\u00f3gica y predictor meteorol\u00f3gico de la Oficina Nacional de Meteorolog\u00eda (ONAMET); Jos\u00e9 Alarc\u00f3n Mella, especialista en Manejo de Cuencas Hidrogr\u00e1ficas y en Prevenci\u00f3n Mitigaci\u00f3n y Respuesta a Desastres y Gesti\u00f3n del Riesgo a nivel municipal, y Carlos Paulino C\u00e1rdenas, especialista en Gesti\u00f3n de Seguridad Crisis y Emergencia. Subdirector del Centro de Operaciones y Emergencias (COE).<\/p>\n\n\n\n<p>El director del citado centro de estudios, Ernesto Reyna, introdujo las presentaciones de los expertos, ante la presencia de un p\u00fablico integrado por profesionales y estudiantes vinculados a los temas abordados.<\/p>\n\n\n\n<p>El profesor Jos\u00e9 Rafael Almonte P., exviceministro de Planificaci\u00f3n y Desarrollo, Ministerio de Medio Ambiente y Recursos Naturales de la Rep\u00fablica Dominicana, moder\u00f3 las presentaciones y la sesi\u00f3n de preguntas y respuestas.<\/p>\n\n\n\n<p>Paulino Cardenas ofreci\u00f3 un inventario de factores que provocan los efectos conocidos, durante y tras el paso de tormentas y huracanes con lluvias torrenciales y vientos de dimensiones superiores en zonas de \u201ccrecimiento ca\u00f3tico\u201d, donde no hay control del uso del suelo, las construcciones no llenan requisitos de seguridad y calidad y no se corresponden con un plan urban\u00edstico adecuado<\/p>\n\n\n\n<p>A estos componentes se suma el hecho de que la poblaci\u00f3n susceptible de ser afectada tiene un bajo nivel de educaci\u00f3n en materia preventiva y no cuenta con una filiaci\u00f3n institucional, comunal y familiar que reduzca el impacto de un fen\u00f3meno atmosf\u00e9rico.<\/p>\n\n\n\n<p>El especialista dijo que las zonas expuestas a mayor amenaza por fen\u00f3meno hidro-meteorol\u00f3gico son: Pedernales, Barahona, Azua, Peravia, San Crist\u00f3bal, El Distrito Nacional, Provincia Santo Domingo, San Pedro Macor\u00eds, La Altagracia, El Seibo, La Romana, Hato Mayor, Bahoruco, Independencia, Nagua, Puerto Plata, Duarte, Salcedo, Espaillat y Monte Cristi.<\/p>\n\n\n\n<p>Tambi\u00e9n enumer\u00f3 las provincias con registran inundaciones con mayor frecuencia: el Distrito Nacional, Monte plata, Hato Mayor, El Seibo, La Altagracia, San Pedro de Macor\u00eds, San Crist\u00f3bal, Peravia, Azua, San Jos\u00e9 de Ocoa, Barahona, Bahoruco, Pedernales, Independencia, San Juan, El\u00edas Pi\u00f1a, Monse\u00f1or Nouel, S\u00e1nchez Ram\u00edrez, La Vega, Duarte, Nagua, Espaillat, Santiago, Mao, Santiago Rodr\u00edguez, Dajab\u00f3n, Montecristi y Puerto Plata.<\/p>\n\n\n\n<p>Resalt\u00f3 el sistema de comunicaciones que ha logrado desarrollar el COE para hacer m\u00e1s eficiente su labor. Seg\u00fan explic\u00f3, el organismo tiene capacidad de contacto en todo el pa\u00eds, a trav\u00e9s de l\u00edneas de radio-comunicaci\u00f3n UHF y VHF.<\/p>\n\n\n\n<p>Tambi\u00e9n se refiri\u00f3 a los mecanismos que han establecido para realizar un trabajo efectivo, desde la etapa de prevenci\u00f3n, que incluyen habilitaci\u00f3n de albergues; b\u00fasqueda y rescates de personas; atenci\u00f3n pre-hospitalaria; extinci\u00f3n y combate de incendios, as\u00ed como incidentes con materiales peligrosos, entre otros.<\/p>\n\n\n\n<p>Alarc\u00f3n Mella se enfoc\u00f3 en su disertaci\u00f3n en la \u201cConstrucci\u00f3n de escenarios de riesgo y gesti\u00f3n territorial\u201d.<\/p>\n\n\n\n<p>Explic\u00f3 las implicaciones de la geomorfolog\u00eda estructural del pa\u00eds, que trata de los fundamentos litol\u00f3gicos y tect\u00f3nicos que definen el relieve en la tierra, las formas estructurales elementales, las grandes unidades morfo estructurales y sus contactos, y de las relaciones de la hidrograf\u00eda con las estructuras.<\/p>\n\n\n\n<p>Hizo referencia, igualmente, a las influencias internas, que incluyen la deriva continental del territorio, su composici\u00f3n atmosf\u00e9rica, as\u00ed como las corrientes oce\u00e1nicas que lo circundan y los llamados efectos antropog\u00e9nicos.<\/p>\n\n\n\n<p>Sobre las amenazas inducidas y naturales, hizo hincapi\u00e9 en dos tipolog\u00edas. Una global, que abarca \u201cEl Ni\u00f1o\u201d, los ciclones, las vaguadas, los frentes polares y el cambio clim\u00e1tico.<\/p>\n\n\n\n<p>La otra, de dimensi\u00f3n regional-local, incluye, seg\u00fan manifest\u00f3, sequ\u00edas, lluvias y vientos de elevada intensidad, granizadas, inundaciones y marejadas.<\/p>\n\n\n\n<p>El experto tambi\u00e9n puso de manifiesto la escasa preparaci\u00f3n de la poblaci\u00f3n para valorar y enfrentar las amenazas y situaciones de desastres y el hecho de que a pesar de los desastres enfrentados no se tenga consciencia del verdadero impacto socioecon\u00f3mico, financiero y ambiental de los desastres.<\/p>\n\n\n\n<p>Lament\u00f3, adem\u00e1s, que \u201cla prevenci\u00f3n nunca ha sido parte del discurso ni del proceso electoral de los pol\u00edticos\u201d; que no se haya alcanzado el profesionalismo ni la continuidad requeridos, \u201cpor lo que el nivel de credibilidad es bajo\u201d.<\/p>\n\n\n\n<p>Critic\u00f3 el hecho de que el sector privado, la sociedad civil y los gobiernos locales, a pesar de su gran potencial, no son incentivados a participar, las acciones se realizan con tendencia a la sectorizaci\u00f3n y carencia de visi\u00f3n de conjunto.<\/p>\n\n\n\n<p>\u201cEl problema a superar es que el beneficio de la gesti\u00f3n del riesgo no ha sido captado por los tomadores de decisiones ni por el p\u00fablico y la estrategia a largo plazo no es aplicada en todo su potencial, no obstante, la extensa ret\u00f3rica y mediatizaci\u00f3n\u201d, afirm\u00f3 Alarc\u00f3n Mella.<\/p>\n\n\n\n<p>Francisco Holgu\u00edn hizo un an\u00e1lisis de los grandes fen\u00f3menos atmosf\u00e9ricos que han impactado a la Rep\u00fablica Dominicana y pa\u00edses circundantes, como Puerto Rico y Cuba, as\u00ed como Estados Unidos, M\u00e9xico y Centroam\u00e9rica desde 1900 a la fecha.<\/p>\n\n\n\n<p>Con rigurosidad cient\u00edfica, mostr\u00f3 las trayectorias que siguieron estos huracanes y la intensidad que registraron por tramos de zonas oce\u00e1nicas y territorios.<\/p>\n\n\n\n<p>El encargado del departamento de Hidrometeorol\u00f3gica y predictor meteorol\u00f3gico de ONAMET defini\u00f3 los recorridos de los huracanes tomando como referencia las informaciones del Centro Nacional de Huracanes de Estados Unidos.<\/p>\n","protected":false},"excerpt":{"rendered":"<p>Organizado por el Centro de Estudios de Medio Ambiente, Energ\u00eda y Desarrollo Sostenible, Francisco Holgu\u00edn, Jos\u00e9 Alarc\u00f3n Mella y Carlos Paulino C\u00e1rdenas participaron en el panel \u201cVulnerabilidad de la Rep\u00fablica&hellip; <\/p>\n","protected":false},"author":2,"featured_media":963,"comment_status":"open","ping_status":"open","sticky":false,"template":"","format":"standard","meta":{"fifu_image_url":"","fifu_image_alt":"","footnotes":""},"categories":[63],"tags":[],"class_list":["post-958","post","type-post","status-publish","format-standard","has-post-thumbnail","hentry","category-actualidad"],"_links":{"self":[{"href":"https:\/\/elmundodelapolitica.com\/v1\/wp-json\/wp\/v2\/posts\/958","targetHints":{"allow":["GET"]}}],"collection":[{"href":"https:\/\/elmundodelapolitica.com\/v1\/wp-json\/wp\/v2\/posts"}],"about":[{"href":"https:\/\/elmundodelapolitica.com\/v1\/wp-json\/wp\/v2\/types\/post"}],"author":[{"embeddable":true,"href":"https:\/\/elmundodelapolitica.com\/v1\/wp-json\/wp\/v2\/users\/2"}],"replies":[{"embeddable":true,"href":"https:\/\/elmundodelapolitica.com\/v1\/wp-json\/wp\/v2\/comments?post=958"}],"version-history":[{"count":1,"href":"https:\/\/elmundodelapolitica.com\/v1\/wp-json\/wp\/v2\/posts\/958\/revisions"}],"predecessor-version":[{"id":964,"href":"https:\/\/elmundodelapolitica.com\/v1\/wp-json\/wp\/v2\/posts\/958\/revisions\/964"}],"wp:featuredmedia":[{"embeddable":true,"href":"https:\/\/elmundodelapolitica.com\/v1\/wp-json\/wp\/v2\/media\/963"}],"wp:attachment":[{"href":"https:\/\/elmundodelapolitica.com\/v1\/wp-json\/wp\/v2\/media?parent=958"}],"wp:term":[{"taxonomy":"category","embeddable":true,"href":"https:\/\/elmundodelapolitica.com\/v1\/wp-json\/wp\/v2\/categories?post=958"},{"taxonomy":"post_tag","embeddable":true,"href":"https:\/\/elmundodelapolitica.com\/v1\/wp-json\/wp\/v2\/tags?post=958"}],"curies":[{"name":"wp","href":"https:\/\/api.w.org\/{rel}","templated":true}]}}