{"id":955,"date":"2022-11-03T22:11:36","date_gmt":"2022-11-04T02:11:36","guid":{"rendered":"https:\/\/elmundodelapolitica.com\/v1\/?p=955"},"modified":"2022-11-03T22:11:38","modified_gmt":"2022-11-04T02:11:38","slug":"republica-dominicana-participa-en-cumbre-internacional-contra-secuestro-de-datos-en-washington","status":"publish","type":"post","link":"https:\/\/elmundodelapolitica.com\/v1\/republica-dominicana-participa-en-cumbre-internacional-contra-secuestro-de-datos-en-washington\/","title":{"rendered":"<a href=\"https:\/\/presidencia.gob.do\/noticias\/republica-dominicana-participa-en-cumbre-internacional-contra-secuestro-de-datos-en\">Rep\u00fablica Dominicana participa en Cumbre Internacional contra \u201cSecuestro de datos\u201d en Washington<\/a>"},"content":{"rendered":"\n<p>Santo Domingo. &#8211; Rep\u00fablica Dominicana se uni\u00f3 a la iniciativa de la Casa Blanca, en Washington D. C., junto a otros 37 pa\u00edses para la celebraci\u00f3n de la&nbsp;<strong>Cumbre Internacional contra el Ransomware,<\/strong>&nbsp;actividad que tiene como prop\u00f3sito mejorar&nbsp;<strong>la ciberseguridad y la de los ciudadanos<\/strong>.<\/p>\n\n\n\n<p>En la jornada, el pa\u00eds estuvo representado por el&nbsp;<strong>viceministro de Agenda Digital del Ministerio de la Presidencia (MINPRE), Jos\u00e9 David Montilla<\/strong>, para continuar fomentando la capacitaci\u00f3n en temas de la seguridad en el espacio.<\/p>\n\n\n\n<p>Rep\u00fablica Dominicana es el&nbsp;<strong>\u00fanico pa\u00eds del Caribe<\/strong>&nbsp;que se ha sumado a la citada iniciativa para contrarrestar la propagaci\u00f3n de este mal que afecta a tantos sectores.<\/p>\n\n\n\n<p><strong>La vicepresidenta de Estados Unidos, Kamala Harris<\/strong>, quien encabeza la cumbre, indic\u00f3 que el Ransomware afecta a miles de empresas y personas cada a\u00f1o, por lo que su administraci\u00f3n reuni\u00f3 a 37 socios globales y al sector privado para&nbsp;<strong>contrarrestar la propagaci\u00f3n e impacto de este sistema maligno.<\/strong><\/p>\n\n\n\n<p><strong>\u201cJuntos mejoraremos nuestra ciberseguridad y protegeremos a nuestros ciudadanos\u201d,<\/strong>&nbsp;enfatiz\u00f3 la funcionaria a trav\u00e9s de una publicaci\u00f3n compartida en la red social Twitter.<\/p>\n\n\n\n<p><strong>Sobre el secuestro de datos<\/strong><\/p>\n\n\n\n<p><strong>El Ransomware (secuestro de datos)<\/strong>&nbsp;es un tipo de programa da\u00f1ino que restringe el acceso a determinadas partes o archivos del sistema operativo infectado y&nbsp;<strong>pide un rescate a cambio de quitar esta restricci\u00f3n.<\/strong><\/p>\n\n\n\n<p>Algunos tipos de Ransomware cifran los archivos del sistema operativo para inutilizar el dispositivo y coaccionar al usuario a pagar el rescate.<\/p>\n","protected":false},"excerpt":{"rendered":"<p>Santo Domingo. &#8211; Rep\u00fablica Dominicana se uni\u00f3 a la iniciativa de la Casa Blanca, en Washington D. C., junto a otros 37 pa\u00edses para la celebraci\u00f3n de la&nbsp;Cumbre Internacional contra&hellip; <\/p>\n","protected":false},"author":2,"featured_media":956,"comment_status":"open","ping_status":"open","sticky":false,"template":"","format":"standard","meta":{"fifu_image_url":"","fifu_image_alt":"","footnotes":""},"categories":[63,16],"tags":[],"class_list":["post-955","post","type-post","status-publish","format-standard","has-post-thumbnail","hentry","category-actualidad","category-seguridad"],"_links":{"self":[{"href":"https:\/\/elmundodelapolitica.com\/v1\/wp-json\/wp\/v2\/posts\/955","targetHints":{"allow":["GET"]}}],"collection":[{"href":"https:\/\/elmundodelapolitica.com\/v1\/wp-json\/wp\/v2\/posts"}],"about":[{"href":"https:\/\/elmundodelapolitica.com\/v1\/wp-json\/wp\/v2\/types\/post"}],"author":[{"embeddable":true,"href":"https:\/\/elmundodelapolitica.com\/v1\/wp-json\/wp\/v2\/users\/2"}],"replies":[{"embeddable":true,"href":"https:\/\/elmundodelapolitica.com\/v1\/wp-json\/wp\/v2\/comments?post=955"}],"version-history":[{"count":1,"href":"https:\/\/elmundodelapolitica.com\/v1\/wp-json\/wp\/v2\/posts\/955\/revisions"}],"predecessor-version":[{"id":957,"href":"https:\/\/elmundodelapolitica.com\/v1\/wp-json\/wp\/v2\/posts\/955\/revisions\/957"}],"wp:featuredmedia":[{"embeddable":true,"href":"https:\/\/elmundodelapolitica.com\/v1\/wp-json\/wp\/v2\/media\/956"}],"wp:attachment":[{"href":"https:\/\/elmundodelapolitica.com\/v1\/wp-json\/wp\/v2\/media?parent=955"}],"wp:term":[{"taxonomy":"category","embeddable":true,"href":"https:\/\/elmundodelapolitica.com\/v1\/wp-json\/wp\/v2\/categories?post=955"},{"taxonomy":"post_tag","embeddable":true,"href":"https:\/\/elmundodelapolitica.com\/v1\/wp-json\/wp\/v2\/tags?post=955"}],"curies":[{"name":"wp","href":"https:\/\/api.w.org\/{rel}","templated":true}]}}