{"id":952,"date":"2022-11-03T22:09:46","date_gmt":"2022-11-04T02:09:46","guid":{"rendered":"https:\/\/elmundodelapolitica.com\/v1\/?p=952"},"modified":"2022-11-03T22:09:48","modified_gmt":"2022-11-04T02:09:48","slug":"fuerza-del-pueblo-advierte-sobre-amenaza-colera-en-republica-dominicana","status":"publish","type":"post","link":"https:\/\/elmundodelapolitica.com\/v1\/fuerza-del-pueblo-advierte-sobre-amenaza-colera-en-republica-dominicana\/","title":{"rendered":"Fuerza del Pueblo advierte sobre amenaza c\u00f3lera en Republica Dominicana"},"content":{"rendered":"\n<p>SANTO DOMINGO.-&nbsp;&nbsp;El partido Fuerza del Pueblo (FP) puso sus t\u00e9cnicos y profesionales del \u00e1rea de salud a disposici\u00f3n del Gobiwerno para emprender acciones que eviten que el pa\u00eds sea afectado de manera dr\u00e1stica con el c\u00f3lera.<\/p>\n\n\n\n<p>El doctor Ram\u00f3n Alvarado, secretario de Salud de esa organizaci\u00f3n opositora, dijo en rueda de prensa que el c\u00f3lera es una amenaza sobre la cual el Gobierno \u00abse ha mostrado indiferente y las autoridades del sector salud improvisan de manera constante\u00bb.<\/p>\n\n\n\n<p>En ese sentido, sugiri\u00f3&nbsp;actuar r\u00e1pido para mantener bajo control la propagaci\u00f3n de ese virus, \u00abque est\u00e1 afectando de manera contundente a Hait\u00ed, segando la vida a cientos de personas, lo que constituye una grave amenaza para el pa\u00eds\u00bb, por lo que enfatiz\u00f3 que \u00abdebemos actuar con rapidez para evitar la propagaci\u00f3n de este mal en el pa\u00eds\u201d.<\/p>\n\n\n\n<p>\u00abEs preocupante la situaci\u00f3n de vulnerabilidad de la Rep\u00fablica Dominicana ante la dram\u00e1tica epidemia del c\u00f3lera que vive el vecino pa\u00eds de Hait\u00ed\u00bb, declar\u00f3.<\/p>\n\n\n\n<p>Explic\u00f3 que \u00abel c\u00f3lera es una infecci\u00f3n diarreica aguda causada por la ingesta de agua o alimentos contaminados con la bacteria vibrio cholerae, que se propaga con rapidez y cuyos principales signos y s\u00edntomas son diarrea acuosa, nausea, v\u00f3mitos, deshidrataci\u00f3n de moderada a grave que puede producir shock y muerte en pocas horas. Tiene letalidad superior al 50%\u00bb.<\/p>\n\n\n\n<p>Cit\u00f3 como uno de los principales factores de riesgo para la propagaci\u00f3n del c\u00f3lera los movimientos de poblaci\u00f3n, por la migraci\u00f3n, el turismo y el comercio internacional. Adem\u00e1s, el d\u00e9ficit de agua potable, la falta de un adecuado sistema de alcantarillado, los problemas de saneamiento ambiental y el hacinamiento.<\/p>\n\n\n\n<figure class=\"wp-block-embed is-type-video is-provider-youtube wp-block-embed-youtube wp-embed-aspect-16-9 wp-has-aspect-ratio\"><div class=\"wp-block-embed__wrapper\">\n<iframe loading=\"lazy\" title=\"En Vivo: Rueda de Prensa Secretar\u00eda de Salud #FuerzaDelPueblo\" width=\"1110\" height=\"624\" src=\"https:\/\/www.youtube.com\/embed\/PMo9jdrFkos?feature=oembed\" frameborder=\"0\" allow=\"accelerometer; autoplay; clipboard-write; encrypted-media; gyroscope; picture-in-picture\" allowfullscreen><\/iframe>\n<\/div><\/figure>\n\n\n\n<p>\u201cAnte la indiferencia de las autoridades gubernamentales, exigimos que se asuma como una realidad la presencia del c\u00f3lera en nuestro pa\u00eds y proponemos la elaboraci\u00f3n de un plan integral e interinstitucional que garantice la participaci\u00f3n de todos los actores del Sistema Nacional de Salud\u201d, asever\u00f3.<\/p>\n\n\n\n<p><strong>Entre las acciones para controlar la propagaci\u00f3n del c\u00f3lera, sugiri\u00f3:<\/strong><\/p>\n\n\n\n<p>1. Fortalecimiento del sistema de vigilancia epidemiol\u00f3gica a nivel nacional.<\/p>\n\n\n\n<p>2. Incremento de las medidas de vigilancia en puertos, aeropuertos y pasos fronterizos.<\/p>\n\n\n\n<p>3. Garant\u00edas del abastecimiento de agua potable y mejoramiento del saneamiento b\u00e1sico.<\/p>\n\n\n\n<p>4. Supervisi\u00f3n y vigilancia de la preparaci\u00f3n, distribuci\u00f3n y venta de alimentos y bebidas.<\/p>\n\n\n\n<p>5. Capacitaci\u00f3n del personal de salud p\u00fablico y privado, en actualizaci\u00f3n sobre C\u00f3lera.<\/p>\n\n\n\n<p>6. Habilitaci\u00f3n de las salas de C\u00f3lera en los hospitales.<\/p>\n\n\n\n<p>7. Fortalecimiento de las Unidades de Atenci\u00f3n Primaria y poner en funcionamiento las Unidades de Rehidrataci\u00f3n Oral Comunitaria (UROC).<\/p>\n\n\n\n<p>8. Reforzamiento del Sistema de Referencia y Retorno.<\/p>\n\n\n\n<p>9. Mejoramiento de la capacidad resolutiva de la Red Nacional de Laboratorios Cl\u00ednicos.<\/p>\n\n\n\n<p>10. Desarrollar una campa\u00f1a nacional de comunicaci\u00f3n y educaci\u00f3n para la prevenci\u00f3n del C\u00f3lera.<\/p>\n","protected":false},"excerpt":{"rendered":"<p>SANTO DOMINGO.-&nbsp;&nbsp;El partido Fuerza del Pueblo (FP) puso sus t\u00e9cnicos y profesionales del \u00e1rea de salud a disposici\u00f3n del Gobiwerno para emprender acciones que eviten que el pa\u00eds sea afectado&hellip; <\/p>\n","protected":false},"author":2,"featured_media":953,"comment_status":"open","ping_status":"open","sticky":false,"template":"","format":"standard","meta":{"fifu_image_url":"","fifu_image_alt":"","footnotes":""},"categories":[63,5],"tags":[],"class_list":["post-952","post","type-post","status-publish","format-standard","has-post-thumbnail","hentry","category-actualidad","category-partidos"],"_links":{"self":[{"href":"https:\/\/elmundodelapolitica.com\/v1\/wp-json\/wp\/v2\/posts\/952","targetHints":{"allow":["GET"]}}],"collection":[{"href":"https:\/\/elmundodelapolitica.com\/v1\/wp-json\/wp\/v2\/posts"}],"about":[{"href":"https:\/\/elmundodelapolitica.com\/v1\/wp-json\/wp\/v2\/types\/post"}],"author":[{"embeddable":true,"href":"https:\/\/elmundodelapolitica.com\/v1\/wp-json\/wp\/v2\/users\/2"}],"replies":[{"embeddable":true,"href":"https:\/\/elmundodelapolitica.com\/v1\/wp-json\/wp\/v2\/comments?post=952"}],"version-history":[{"count":1,"href":"https:\/\/elmundodelapolitica.com\/v1\/wp-json\/wp\/v2\/posts\/952\/revisions"}],"predecessor-version":[{"id":954,"href":"https:\/\/elmundodelapolitica.com\/v1\/wp-json\/wp\/v2\/posts\/952\/revisions\/954"}],"wp:featuredmedia":[{"embeddable":true,"href":"https:\/\/elmundodelapolitica.com\/v1\/wp-json\/wp\/v2\/media\/953"}],"wp:attachment":[{"href":"https:\/\/elmundodelapolitica.com\/v1\/wp-json\/wp\/v2\/media?parent=952"}],"wp:term":[{"taxonomy":"category","embeddable":true,"href":"https:\/\/elmundodelapolitica.com\/v1\/wp-json\/wp\/v2\/categories?post=952"},{"taxonomy":"post_tag","embeddable":true,"href":"https:\/\/elmundodelapolitica.com\/v1\/wp-json\/wp\/v2\/tags?post=952"}],"curies":[{"name":"wp","href":"https:\/\/api.w.org\/{rel}","templated":true}]}}