{"id":924,"date":"2022-11-01T12:05:10","date_gmt":"2022-11-01T16:05:10","guid":{"rendered":"https:\/\/elmundodelapolitica.com\/v1\/?p=924"},"modified":"2022-11-01T12:05:11","modified_gmt":"2022-11-01T16:05:11","slug":"ministerio-de-economia-presenta-el-estudio-aproximando-el-pib-a-nivel-regional-en-republica-dominicana","status":"publish","type":"post","link":"https:\/\/elmundodelapolitica.com\/v1\/ministerio-de-economia-presenta-el-estudio-aproximando-el-pib-a-nivel-regional-en-republica-dominicana\/","title":{"rendered":"Ministerio de Econom\u00eda presenta el estudio \u201cAproximando el PIB a nivel regional en Rep\u00fablica Dominicana\u201d"},"content":{"rendered":"\n<p>Santo Domingo.-&nbsp;<strong>El Ministerio de Econom\u00eda, Planificaci\u00f3n y Desarrollo (MEPyD)<\/strong>&nbsp;present\u00f3 este lunes el estudio&nbsp;<strong>\u201cAproximando el PIB a nivel regional en Rep\u00fablica Dominicana\u201d<\/strong>, un ejercicio que aproxima el valor agregado bruto de las actividades econ\u00f3micas desde una&nbsp;<strong>perspectiva territorial<\/strong>.<\/p>\n\n\n\n<p>El acto de presentaci\u00f3n del estudio fue encabezado por el Ministro de Econom\u00eda, Planificaci\u00f3n y Desarrollo,&nbsp;<strong>P\u00e1vel Isa Contreras<\/strong>; el viceministro de An\u00e1lisis Econ\u00f3mico y Social,&nbsp;<strong>Alexis Cruz<\/strong>; la representante del Banco Mundial en la Rep\u00fablica Dominicana,&nbsp;<strong>Alexandria Valerio<\/strong>, y el economista del Banco Mundial para el pa\u00eds,&nbsp;<strong>James Sampi<\/strong>.<\/p>\n\n\n\n<p>El documento se\u00f1ala que es de vital importancia conocer las&nbsp;<strong>realidades subnacionales,<\/strong>&nbsp;debido a que constituye un insumo b\u00e1sico para la planificaci\u00f3n territorial y contribuye a la discusi\u00f3n de pol\u00edticas territoriales.<\/p>\n\n\n\n<figure class=\"wp-block-image\"><img decoding=\"async\" src=\"https:\/\/presidencia.gob.do\/sites\/default\/files\/content\/CA5B8A15-07C6-413A-BAC3-120B2B959F81.jpeg\" alt=\"\"\/><\/figure>\n\n\n\n<p>La investigaci\u00f3n es un esfuerzo coordinado entre el Ministerio de Econom\u00eda, Planificaci\u00f3n y Desarrollo junto a la Oficina Nacional de Estad\u00edsticas con el apoyo del Banco Mundial, en el marco de la asistencia t\u00e9cnica para&nbsp;<strong>aproximar la producci\u00f3n a nivel regional en Rep\u00fablica Dominicana<\/strong>, cuyos c\u00e1lculos son necesarios para la planificaci\u00f3n territorial que realiza el ministerio.<\/p>\n\n\n\n<p><strong>El ejercicio de aproximaci\u00f3n del PIB regional<\/strong>&nbsp;<strong>enfoca<\/strong>&nbsp;<strong>las diez Regiones \u00danicas de Planificaci\u00f3n de la Rep\u00fablica Dominicana<\/strong>&nbsp;con el m\u00e9todo descendente, mediante el cual se construyen indicadores de reparto a nivel sectorial y territorial que se aplican al&nbsp;<strong>Valor Agregado Bruto Nacional<\/strong>.<\/p>\n\n\n\n<p>El estudio, que utiliza datos correspondientes al periodo 2015-2019 y se enfoca en cuatro sectores productivos, evidencia tanto&nbsp;<strong>el PIB per c\u00e1pita&nbsp;<\/strong>aproximado en las diez regiones como aquellos sectores que parecen impulsar la actividad econ\u00f3mica en dichas regiones.<\/p>\n\n\n\n<p>De acuerdo con los resultados de la investigaci\u00f3n, la&nbsp;<strong>regi\u00f3n Ozama contribuye en mayor proporci\u00f3n al PIB nacional<\/strong>&nbsp;(1.7 %), seguido por las&nbsp;<strong>regiones Cibao Norte y Yuma&nbsp;<\/strong>con 1.2 % y 0.6 %, respectivamente.&nbsp;<strong>Las tres regiones concentran alrededor del 63.1 % del PIB nacional.<\/strong><\/p>\n\n\n\n<p>Asimismo, indica que para el 2019, la regi\u00f3n Cibao Sur presenta el PIB per c\u00e1pita m\u00e1s alto en la naci\u00f3n, seguida por Yuma.<\/p>\n\n\n\n<p>Por otro lado, sostiene que la&nbsp;<strong>regi\u00f3n Enriquillo presenta la menor contribuci\u00f3n<\/strong>&nbsp;al PIB nacional, as\u00ed como tambi\u00e9n el menor PIB per c\u00e1pita.<\/p>\n\n\n\n<p>El estudio puntualiza que la disparidad regional existente en el pa\u00eds se evidencia al comparar el PIB per c\u00e1pita de la regi\u00f3n Yuma u Ozama con el valor de la regi\u00f3n Enriquillo.<\/p>\n\n\n\n<p>Sostiene que el PIB per c\u00e1pita de estas dos regiones es casi el doble al estimado para Enriquillo. Agrega que las regiones Cibao Sur, Cibao Nordeste, Cibao Noroeste y El Valle presentan una&nbsp;<strong>alta dependencia de las actividades agropecuarias<\/strong>, lo cual incrementa su exposici\u00f3n frente a eventos climatol\u00f3gicos adversos.<\/p>\n\n\n\n<p>Por otro lado, indica que las regiones Ozama, Cibao Norte y Valdesia tienen una&nbsp;<strong>alta dependencia de las actividades derivadas del sector manufacturero.<\/strong><\/p>\n\n\n\n<p>Por su parte<strong>, el sector de servicios es una fuente importante de crecimiento<\/strong>&nbsp;en todo el pa\u00eds y se destaca que&nbsp;<strong>el turismo<\/strong>&nbsp;se concentra principalmente en la regi\u00f3n Yuma.<\/p>\n","protected":false},"excerpt":{"rendered":"<p>Santo Domingo.-&nbsp;El Ministerio de Econom\u00eda, Planificaci\u00f3n y Desarrollo (MEPyD)&nbsp;present\u00f3 este lunes el estudio&nbsp;\u201cAproximando el PIB a nivel regional en Rep\u00fablica Dominicana\u201d, un ejercicio que aproxima el valor agregado bruto de&hellip; <\/p>\n","protected":false},"author":2,"featured_media":925,"comment_status":"open","ping_status":"open","sticky":false,"template":"","format":"standard","meta":{"fifu_image_url":"","fifu_image_alt":"","footnotes":""},"categories":[8],"tags":[],"class_list":["post-924","post","type-post","status-publish","format-standard","has-post-thumbnail","hentry","category-politica-economica"],"_links":{"self":[{"href":"https:\/\/elmundodelapolitica.com\/v1\/wp-json\/wp\/v2\/posts\/924","targetHints":{"allow":["GET"]}}],"collection":[{"href":"https:\/\/elmundodelapolitica.com\/v1\/wp-json\/wp\/v2\/posts"}],"about":[{"href":"https:\/\/elmundodelapolitica.com\/v1\/wp-json\/wp\/v2\/types\/post"}],"author":[{"embeddable":true,"href":"https:\/\/elmundodelapolitica.com\/v1\/wp-json\/wp\/v2\/users\/2"}],"replies":[{"embeddable":true,"href":"https:\/\/elmundodelapolitica.com\/v1\/wp-json\/wp\/v2\/comments?post=924"}],"version-history":[{"count":1,"href":"https:\/\/elmundodelapolitica.com\/v1\/wp-json\/wp\/v2\/posts\/924\/revisions"}],"predecessor-version":[{"id":926,"href":"https:\/\/elmundodelapolitica.com\/v1\/wp-json\/wp\/v2\/posts\/924\/revisions\/926"}],"wp:featuredmedia":[{"embeddable":true,"href":"https:\/\/elmundodelapolitica.com\/v1\/wp-json\/wp\/v2\/media\/925"}],"wp:attachment":[{"href":"https:\/\/elmundodelapolitica.com\/v1\/wp-json\/wp\/v2\/media?parent=924"}],"wp:term":[{"taxonomy":"category","embeddable":true,"href":"https:\/\/elmundodelapolitica.com\/v1\/wp-json\/wp\/v2\/categories?post=924"},{"taxonomy":"post_tag","embeddable":true,"href":"https:\/\/elmundodelapolitica.com\/v1\/wp-json\/wp\/v2\/tags?post=924"}],"curies":[{"name":"wp","href":"https:\/\/api.w.org\/{rel}","templated":true}]}}