{"id":921,"date":"2022-10-31T12:02:00","date_gmt":"2022-10-31T16:02:00","guid":{"rendered":"https:\/\/elmundodelapolitica.com\/v1\/?p=921"},"modified":"2022-11-01T12:03:53","modified_gmt":"2022-11-01T16:03:53","slug":"paises-de-america-latina-y-el-caribe-aprueban-propuestas-de-la-cepal-para-impulsar-un-cambio-en-el-estilo-de-desarrollo-de-la-region","status":"publish","type":"post","link":"https:\/\/elmundodelapolitica.com\/v1\/paises-de-america-latina-y-el-caribe-aprueban-propuestas-de-la-cepal-para-impulsar-un-cambio-en-el-estilo-de-desarrollo-de-la-region\/","title":{"rendered":"Pa\u00edses de Am\u00e9rica Latina y el Caribe aprueban propuestas de la CEPAL para impulsar un cambio en el estilo de desarrollo de la regi\u00f3n"},"content":{"rendered":"\n<p>El trig\u00e9simo noveno per\u00edodo de sesiones de la Comisi\u00f3n, su reuni\u00f3n bienal m\u00e1s importante, finaliz\u00f3 hoy en Buenos Aires con un acto encabezado por la Vicesecretaria General de las Naciones Unidas, Amina Mohammed, el Ministro de Relaciones Exteriores de Argentina, Santiago Cafiero, y el Secretario Ejecutivo del organismo, Jos\u00e9 Manuel Salazar-Xirinachs.<\/p>\n\n\n\n<p>Representantes gubernamentales de 33 pa\u00edses miembros de la Comisi\u00f3n Econ\u00f3mica para Am\u00e9rica Latina y el Caribe (CEPAL) finalizaron hoy el trig\u00e9simo noveno per\u00edodo de sesiones de la Comisi\u00f3n regional de las Naciones Unidas, realizado en Buenos Aires, Argentina, entre el 24 y 26 de octubre, con la aprobaci\u00f3n de las propuestas presentadas por la CEPAL para impulsar un cambio en el estilo de desarrollo y promover acciones transformadoras ambiciosas para una recuperaci\u00f3n sostenible, tras la cascada de crisis que ha sufrido la regi\u00f3n en los \u00faltimos a\u00f1os.<\/p>\n\n\n\n<p>La reuni\u00f3n bienal m\u00e1s importante de la Comisi\u00f3n fue clausurada por Santiago Cafiero, Ministro de Relaciones Exteriores, Comercio Internacional y Culto de la Argentina, pa\u00eds que a partir de ahora ejercer\u00e1 la presidencia del organismo por dos a\u00f1os; Jos\u00e9 Manuel Salazar-Xirinachs, Secretario Ejecutivo de la CEPAL; y Amina Mohammed, Vicesecretaria General de las Naciones Unidas (mensaje por video).<\/p>\n\n\n\n<p>En total asistieron 630 participantes de gobiernos, del sistema de las Naciones Unidas, organismos intergubernamentales, academia y sociedad civil. Entre ellos, 33 pa\u00edses miembros (27 de ellos de la regi\u00f3n), 20 cancilleres de pa\u00edses de Am\u00e9rica Latina y el Caribe y 14 representantes de agencias, fondos y programas del sistema ONU.<\/p>\n\n\n\n<p>La ceremonia de clausura fue antecedida por una reuni\u00f3n de Ministras y Ministros de Relaciones Exteriores y altas autoridades de los pa\u00edses de Am\u00e9rica Latina y el Caribe, en la cual coincidieron en la urgencia de consolidar los esfuerzos y espacios para avanzar hacia una integraci\u00f3n que permita a la regi\u00f3n llegar con una sola voz al escenario global y sentar las bases para una reconstrucci\u00f3n transformadora con miras a un nuevo estilo de desarrollo.<\/p>\n\n\n\n<p>Durante su intervenci\u00f3n por video, la Vicesecretaria General de las Naciones Unidas, Amina Mohammed, indic\u00f3 que formas renovadas de cooperaci\u00f3n ser\u00e1n necesarias para movilizar la inversi\u00f3n sostenible y para crear capacidad a nivel nacional y regional. \u201cLa CEPAL puede contar con el continuo apoyo del Sistema ONU para alcanzar los Objetivos de Desarrollo Sostenible (ODS) en Am\u00e9rica Latina y el Caribe\u201d, declar\u00f3.<\/p>\n\n\n\n<p>Por su parte, el Ministro de Relaciones Exteriores, Comercio Internacional y Culto de la Argentina, Santiago Cafiero, agradeci\u00f3 en nombre de su pa\u00eds haber tenido la Presidencia de este per\u00edodo de sesiones de la CEPAL. \u201cArgentina es un pa\u00eds de di\u00e1logo, que promueve la palabra, promueve el respeto y que siempre tiene capacidad de escucha, porque nadie se salva solo\u201d, enfatiz\u00f3.<\/p>\n\n\n\n<p>En tanto, el Secretario Ejecutivo de la CEPAL, Jos\u00e9 Manuel Salazar-Xirinachs, expres\u00f3 en su discurso final que han sido tres d\u00edas de atenta escucha, de conocernos, de identificar conjuntamente los desaf\u00edos que enfrentamos, y tambi\u00e9n las amplias posibilidades que tenemos de colaboraci\u00f3n, cooperaci\u00f3n y di\u00e1logo.<\/p>\n\n\n\n<p>Con respecto al documento de posici\u00f3n de la CEPAL presentado durante la reuni\u00f3n, Hacia la transformaci\u00f3n del modelo de desarrollo en Am\u00e9rica Latina y el Caribe: producci\u00f3n, inclusi\u00f3n y sostenibilidad, y que fue ampliamente acogido por las delegaciones presentes, Salazar-Xirinachs indic\u00f3 que \u201cla lecci\u00f3n que nos deja su discusi\u00f3n es que debemos redoblar esfuerzos tanto para navegar las aguas crispadas en el corto plazo, como para enfrentar el legado de brechas y carencias que nos caracterizaban antes de la pandemia y de la guerra en Ucrania, y que han sido exacerbadas por estos eventos\u201d.<\/p>\n\n\n\n<p>\u201cTal como fue se\u00f1alado por los se\u00f1ores y se\u00f1oras Cancilleres en su di\u00e1logo de esta ma\u00f1ana, tenemos en cada pa\u00eds y en la regi\u00f3n en conjunto, muchos activos y muchos instrumentos para promover el desarrollo sostenible e inclusivo, elevar los niveles de vida, y abrir oportunidades de trabajo decente y de vida digna sin que nadie se quede atr\u00e1s\u201d, declar\u00f3 el Secretario Ejecutivo de la CEPAL.<\/p>\n\n\n\n<p>\u201cCuenten con la CEPAL para seguir reflexionando sobre las estrategias regionales de salida de estas crisis, para la b\u00fasqueda de consensos transformadores para el dise\u00f1o de pol\u00edticas p\u00fablicas y para la pronta implementaci\u00f3n de la Agenda 2030 sobre el Desarrollo Sostenible\u201d, finaliz\u00f3.<\/p>\n\n\n\n<p>Al t\u00e9rmino del trig\u00e9simo noveno per\u00edodo de sesiones los pa\u00edses aprobaron por unanimidad un documento de proyecto de resoluciones en las que se reconoce el trabajo de la CEPAL como centro de excelencia encargado de colaborar con sus Estados miembros en el an\u00e1lisis integral de los procesos de desarrollo orientado a la formulaci\u00f3n, el seguimiento y la evaluaci\u00f3n de pol\u00edticas p\u00fablicas, y de prestar servicios operativos en los campos de la informaci\u00f3n especializada, el asesoramiento, la capacitaci\u00f3n y el apoyo a la cooperaci\u00f3n y coordinaci\u00f3n regional e internacional.<\/p>\n\n\n\n<p>Tambi\u00e9n en ellas se aprueba el calendario de conferencias de la CEPAL 2023-2024, el programa de trabajo y las prioridades de la Comisi\u00f3n para 2024, y se determin\u00f3 que los pa\u00edses que acompa\u00f1ar\u00e1n a Argentina en las vicepresidencias de la Comisi\u00f3n para el per\u00edodo 2022-2024 ser\u00e1n Costa Rica, Cuba, Jamaica y Per\u00fa.<\/p>\n\n\n\n<p>Finalmente, los delegados aceptaron tambi\u00e9n por aclamaci\u00f3n el ofrecimiento de Per\u00fa para ser sede del Cuadrag\u00e9simo per\u00edodo de sesiones de la CEPAL, en 2024.<\/p>\n","protected":false},"excerpt":{"rendered":"<p>El trig\u00e9simo noveno per\u00edodo de sesiones de la Comisi\u00f3n, su reuni\u00f3n bienal m\u00e1s importante, finaliz\u00f3 hoy en Buenos Aires con un acto encabezado por la Vicesecretaria General de las Naciones&hellip; <\/p>\n","protected":false},"author":2,"featured_media":922,"comment_status":"open","ping_status":"open","sticky":false,"template":"","format":"standard","meta":{"fifu_image_url":"","fifu_image_alt":"","footnotes":""},"categories":[11],"tags":[],"class_list":["post-921","post","type-post","status-publish","format-standard","has-post-thumbnail","hentry","category-america-latina"],"_links":{"self":[{"href":"https:\/\/elmundodelapolitica.com\/v1\/wp-json\/wp\/v2\/posts\/921","targetHints":{"allow":["GET"]}}],"collection":[{"href":"https:\/\/elmundodelapolitica.com\/v1\/wp-json\/wp\/v2\/posts"}],"about":[{"href":"https:\/\/elmundodelapolitica.com\/v1\/wp-json\/wp\/v2\/types\/post"}],"author":[{"embeddable":true,"href":"https:\/\/elmundodelapolitica.com\/v1\/wp-json\/wp\/v2\/users\/2"}],"replies":[{"embeddable":true,"href":"https:\/\/elmundodelapolitica.com\/v1\/wp-json\/wp\/v2\/comments?post=921"}],"version-history":[{"count":1,"href":"https:\/\/elmundodelapolitica.com\/v1\/wp-json\/wp\/v2\/posts\/921\/revisions"}],"predecessor-version":[{"id":923,"href":"https:\/\/elmundodelapolitica.com\/v1\/wp-json\/wp\/v2\/posts\/921\/revisions\/923"}],"wp:featuredmedia":[{"embeddable":true,"href":"https:\/\/elmundodelapolitica.com\/v1\/wp-json\/wp\/v2\/media\/922"}],"wp:attachment":[{"href":"https:\/\/elmundodelapolitica.com\/v1\/wp-json\/wp\/v2\/media?parent=921"}],"wp:term":[{"taxonomy":"category","embeddable":true,"href":"https:\/\/elmundodelapolitica.com\/v1\/wp-json\/wp\/v2\/categories?post=921"},{"taxonomy":"post_tag","embeddable":true,"href":"https:\/\/elmundodelapolitica.com\/v1\/wp-json\/wp\/v2\/tags?post=921"}],"curies":[{"name":"wp","href":"https:\/\/api.w.org\/{rel}","templated":true}]}}