{"id":92,"date":"2022-08-08T12:53:10","date_gmt":"2022-08-08T16:53:10","guid":{"rendered":"https:\/\/elmundodelapolitica.com\/v1\/?p=25599"},"modified":"2022-09-26T10:35:31","modified_gmt":"2022-09-26T14:35:31","slug":"articulo-conversaciones-con-el-dr-rafael-caldera-presidente-de-venezuela","status":"publish","type":"post","link":"https:\/\/elmundodelapolitica.com\/v1\/articulo-conversaciones-con-el-dr-rafael-caldera-presidente-de-venezuela\/","title":{"rendered":"Articulo: conversaciones con el Dr. Rafael Caldera, Presidente de Venezuela"},"content":{"rendered":"\n<p><strong>Por: Jos\u00e9 G\u00f3mez Cerda<\/strong><br><a href=\"mailto:josegomezcerda@yahoo.com\" target=\"_blank\" rel=\"noreferrer noopener\">josegomezcerda@yahoo.com<\/a><\/p>\n\n\n\n<p><strong>Santiago de los Caballeros, R.D.&nbsp;<\/strong><strong>Agosto 2022.-&nbsp;<\/strong>Rafael Caldera, naci\u00f3 en San Felipe, Estado Yaracuy, en Venezuela, el 24 de enero de 1916, y muri\u00f3 en Caracas, Venezuela, el 24 de diciembre de 2009, fue un abogado, soci\u00f3logo, escritor, orador, humanista y pol\u00edtico venezolano, presidente de su pa\u00eds en dos ocasiones, entre 1969 y 1974, y entre 1994 y 1999, y senador vitalicio de la Rep\u00fablica.<\/p>\n\n\n\n<p>El 31 de octubre de 1958, rigiendo una Junta de Gobierno c\u00edvico-militar del vicealmirante Wolfgang Larraz\u00e1bal Ugueto, el Dr. Rafael Caldera convoc\u00f3 en su residencia, llamada \u201c<em>Puntofijo\u201d<\/em>&nbsp;a los principales dirigentes de su partido COPEI, al partido &nbsp;Acci\u00f3n Democr\u00e1tica (ADECOS), &nbsp;y la URD para la firma del que iba a pasar a la historia venezolana como el\u201d&nbsp;<em>Pacto de Punto Fijo\u201d<\/em>.<\/p>\n\n\n\n<p>Conoc\u00ed personalmente al Dr. Rafael Caldera, a mediados del a\u00f1o 1961, cuando un grupo de 8 j\u00f3venes dominicanos, exiliados de la dictadura de Rafael Le\u00f3nidas Trujillo, nos reunimos en Venezuela para realizar un curso de larga duraci\u00f3n para formarnos en pol\u00edtica, sindicalismo, asuntos juveniles y campesinos, La primera conversaci\u00f3n fue en su residencia, cuando nos invit\u00f3 a Henry Molina y a m\u00ed, para conversar sobre asuntos pol\u00edticos.<\/p>\n\n\n\n<p>En la segunda conversaci\u00f3n el Dr. Rafael Caldera me dijo, que en febrero de ese a\u00f1o hab\u00eda estado en Alemania, y le hab\u00eda solicitado una cooperaci\u00f3n al Canciller Konrad Adenauer, para formar un Instituto de Formaci\u00f3n Pol\u00edtica, para j\u00f3venes lideres de Am\u00e9rica Latina.&nbsp;As\u00ed, con ese curso internacional con j\u00f3venes dominicanos,&nbsp;\u00e9l fund\u00f3&nbsp;el Instituto de Formaci\u00f3n Dem\u00f3crata Cristiana (IFEDEC),<\/p>\n\n\n\n<p>El 10 de julio de 1962 se cre\u00f3 el Instituto Internacional de Formaci\u00f3n Dem\u00f3crata Cristiana (IFEDEC), centro de formaci\u00f3n pol\u00edtica, donde se formaron los principales dirigentes j\u00f3venes pol\u00edticos, de la democracia cristiana, de Am\u00e9rica Latina y el Caribe, que cont\u00f3&nbsp;con los aportes intelectuales de Rafael Caldera,&nbsp;Pedro Pablo Aguilar, Ar\u00edstides Calvani. Luis Herrera Camp\u00edns, Valmore Acevedo, Eduardo Fern\u00e1ndez y otros altos pol\u00edticos de Am\u00e9rica Latina.<\/p>\n\n\n\n<p>Centenares de j\u00f3venes pol\u00edticos dominicanos, hombres y mujeres, estudiaron y se formaron en el IFEDEC, y fueron dirigentes del Partido Revolucionario Social Cristiano.<\/p>\n\n\n\n<p>En otra conversaci\u00f3n con el Dr. Rafael Caldera, le solicit\u00e9&nbsp;que me dijera cuales eran los escritores socialcristianos que yo deb\u00eda leer; \u00c9l me recomend\u00f3 leer a Jacques Maritain, y Emmanuel Mounier, franceses, y al italiano Giorgio La Pira. As\u00ed lo hice, y he continuado ley\u00e9ndolos.<\/p>\n\n\n\n<p>Durante el curso sociopol\u00edtico que organizaron la central sindical CLASC y el partido pol\u00edtico COPEI, conversaba todas las semanas con el Dr. Rafael Caldera, \u00e9l iba a darnos clases los jueves en la tarde y la noche, y cenaba con los dominicanos participantes en ese curso. \u00a1Fueron muy provechosas sus conversaciones, tanto a nivel personal, como colectiva del grupo!<\/p>\n\n\n\n<p>Despu\u00e9s de terminado el curso durante un tiempo mantuvimos relaciones por correspondencias, para explicarle c\u00f3mo funcionaba el sindicalismo en la Rep\u00fablica Dominicana<\/p>\n\n\n\n<p>El 1 de diciembre de 1968, Caldera fue elegido presidente de Venezuela.<\/p>\n\n\n\n<p>A principios de 1969, el presidente Rafael Caldera, nos invit\u00f3 a Henry Molina y a m\u00ed, a su toma de posesi\u00f3n como presidente de Venezuela, por nuestros cargos sindicales en la Rep\u00fablica Dominicana, y como alumnos de \u00e9l. En esa ocasi\u00f3n tuvimos la oportunidad de conversar nuevamente.<\/p>\n\n\n\n<p>En su primer per\u00edodo de gobierno, Caldera, inaugur\u00f3 una pol\u00edtica de reformas desarrollistas tendente a superar la exclusiva dependencia del petr\u00f3leo y el gas natural, ya que el 90% de los ingresos de la balanza comercial proced\u00edan de la exportaci\u00f3n de los combustibles f\u00f3siles, y a crear industrias complementarias.<\/p>\n\n\n\n<p>El libro \u201cEspecificidad de la Democracia Cristiana\u201d, escrito por el Dr. Rafael Caldera, es el texto de un curso dictado por \u00e9l, en los a\u00f1os 1966-1967, en el Instituto de Formaci\u00f3n Dem\u00f3crata Cristiana (IFEDEC) de Caracas. Precisa cu\u00e1les son los elementos caracter\u00edsticos de la doctrina de la Democracia Cristiana, que permiten identificarla integralmente.<\/p>\n\n\n\n<p>Esta obra es fundamental en los programas de formaci\u00f3n sobre Democracia Cristiana y Econom\u00eda Social de Mercado. De forma pedag\u00f3gica, esquematizada, digerible, el Dr. Caldera aporta a Am\u00e9rica Latina y al mundo una s\u00edntesis precisa de la identidad pol\u00edtica social cristiana.<\/p>\n\n\n\n<p>En el a\u00f1o 1973 tuve una conversaci\u00f3n con el Dr. Rafael Caldera, en&nbsp; Caracas, Venezuela, siendo&nbsp;\u00e9l presidente de su pa\u00eds, que fue muy conflictiva; \u00c9l era uno de los que propon\u00edan la unidad del Partido Revolucionario Social Cristiano, con el partido del Dr. Joaqu\u00edn Balaguer, y me solicit\u00f3&nbsp;que apoyara esa posici\u00f3n.&nbsp; Con todo el respeto, le dije que no, que yo estaba convencido que el Dr. Balaguer no era socialcristiano, sino \u201cbalaguerista\u201d,<\/p>\n\n\n\n<p>Yo era en esa ocasi\u00f3n el secretario general de la Confederaci\u00f3n Aut\u00f3noma Sindicatos Cristianos (CASC). No llegamos a ning\u00fan acuerdo, pero a partir de esa fecha me desvincul\u00e9 del Partido Revolucionario Social Cristiano (PRSC), y nunca he vuelto a pertenecer a ning\u00fan partido pol\u00edtico.<\/p>\n\n\n\n<p>El 1 de julio de 1981, Rafael Caldera rindi\u00f3 un homenaje en las tumbas de Raissa y&nbsp;<a href=\"https:\/\/hmn.wiki\/es\/Jacques_Maritain\" target=\"_blank\" rel=\"noreferrer noopener\">Jacques Maritain<\/a>, en Kolbsheim, Alsacia, Francia.&nbsp;Un homenaje a su orientador en la pol\u00edtica y el humanismo cristiano.<\/p>\n\n\n\n<p>El Dr. Rafael Caldera, de profunda y permanente vocaci\u00f3n social, quien, en gesto excepcional e in\u00e9dito, fue invitado en 1987 por el Papa Juan Pablo II al Vaticano para hablar ante el Colegio Cardenalicio en la conmemoraci\u00f3n de los veinte a\u00f1os de la enc\u00edclica \u201cPopulorum Progressio\u201d (Sobre el desarrollo de los Pueblos\u201d).<\/p>\n\n\n\n<p>El 5 de diciembre de 1993,&nbsp;el Dr. Rafael Caldera, gan\u00f3 por segunda vez la presidencia de Venezuela,&nbsp; se impuso con el 30,5% de los sufragios a una larga lista de adversarios que encabezaban el adeco Claudio Ferm\u00edn Maldonado, el copeyano Oswaldo \u00c1lvarez Paz y Andr\u00e9s Vel\u00e1squez, por La Causa Radical.<\/p>\n\n\n\n<p>Rafael Caldera y Eduardo Frei Montalva, han sido los dos presidentes socialcristianos, m\u00e1s conocidos, sin embargo la democracia cristiana ha tenido varios presidentes en Am\u00e9rica Latina y el Caribe, entre ellos; En Chile, en el a\u00f1o 1964&nbsp;<a href=\"https:\/\/www.bcn.cl\/historiapolitica\/redirect?url=http:\/\/biografias.bcn.cl\/wiki\/Eduardo_Frei_Montalva\" target=\"_blank\" rel=\"noreferrer noopener\">Eduardo Frei Montalva<\/a>, &nbsp;<a href=\"https:\/\/www.bcn.cl\/historiapolitica\/redirect?url=http:\/\/biografias.bcn.cl\/wiki\/Patricio_Aylwin_Az%C3%B3car\" target=\"_blank\" rel=\"noreferrer noopener\">Patricio Aylwin Az\u00f3car<\/a>&nbsp;(1990-1994) y&nbsp;<a href=\"https:\/\/www.bcn.cl\/historiapolitica\/redirect?url=http:\/\/biografias.bcn.cl\/wiki\/Eduardo_Frei_Ruiz-Tagle\" target=\"_blank\" rel=\"noreferrer noopener\">Eduardo Frei Ruiz-Tagle<\/a>&nbsp;(1994-2000),<\/p>\n\n\n\n<p>En Venezuela&nbsp;<a href=\"https:\/\/es.wikipedia.org\/wiki\/Rafael_Caldera\" target=\"_blank\" rel=\"noreferrer noopener\">Rafael Caldera<\/a>&nbsp;y&nbsp;<a href=\"https:\/\/es.wikipedia.org\/wiki\/Luis_Herrera_Campins\" target=\"_blank\" rel=\"noreferrer noopener\">Luis Herrera Campins<\/a>; y en&nbsp;<a href=\"https:\/\/es.wikipedia.org\/wiki\/Rep%C3%BAblica_Dominicana\" target=\"_blank\" rel=\"noreferrer noopener\">Rep\u00fablica Dominicana<\/a>&nbsp;<a href=\"https:\/\/es.wikipedia.org\/wiki\/Joaqu%C3%ADn_Balaguer\" target=\"_blank\" rel=\"noreferrer noopener\">Joaqu\u00edn Balaguer<\/a>&nbsp;por varios periodos. Es necesario aclarar que ni en la primera elecci\u00f3n de Balaguer, como presidente de la Rep\u00fablica, ni en los \u201c12 a\u00f1os seguidos\u201d, Balaguer no pertenec\u00eda a la democracia cristiana.<\/p>\n\n\n\n<p>En Am\u00e9rica Central, varios socialcristianos fueron presidentes en sus pa\u00edses, entre ellos; Jos\u00e9 Napole\u00f3n Duarte, en El Salvador, 1984-1989, Marco Vinicio Cerezo, en Guatemala, 1986-1990), en Costa Rica; Rafael \u00c1ngel Calder\u00f3n (1990-1994), Miguel \u00c1ngel Rodr\u00edguez 1998-2002), y Abel Pacheco de la Espriella (2000-2006).<\/p>\n\n\n\n<p>No pude darle seguimiento a su segundo mandato, pues en 1992 me fui a vivir a Europa, y en esa \u00e9poca las noticias sobre Am\u00e9rica Latina eran muy limitadas, sin embargo, no fue un gran gobierno, como el primero.<\/p>\n\n\n\n<p>Es cierto que Caldera dict\u00f3 el sobreseimiento de liberar a Hugo Ch\u00e1vez, cuando la popularidad de este no llegaba a 4 puntos en las encuestas y que tambi\u00e9n lo hizo para veinte militares m\u00e1s incursos en la misma causa.&nbsp;En la toma de posesi\u00f3n de Hugo Ch\u00e1vez, como presidente sucesor de Rafael Caldera, lo menospreci\u00f3: no le dio&nbsp;las manos, ni acept\u00f3 que le impusiese la banda presidencial.<\/p>\n\n\n\n<p>Cuando falleci\u00f3 el Dr. Rafael Caldera su familia prohibi\u00f3 que el gobierno de Hugo Ch\u00e1vez le rindiera un homenaje oficial, por el mal trato que le dio ese gobierno.<\/p>\n\n\n\n<p>El Dr. Rafael Caldera, fue mi profesor en pol\u00edtica, un gran ser humano, capacitado, inteligente y un modelo en los sectores de la democracia cristiana.<\/p>\n\n\n\n<figure class=\"wp-block-embed is-type-video is-provider-youtube wp-block-embed-youtube wp-embed-aspect-16-9 wp-has-aspect-ratio\"><div class=\"wp-block-embed__wrapper\">\n<iframe loading=\"lazy\" title=\"CONVERSACIONES CON EL DR  RAFAEL CALDERA, PRESIDENTE DE VENEZUELA. 1 AGOSTO 2022. Jose Gomez Cerda\" width=\"1110\" height=\"624\" src=\"https:\/\/www.youtube.com\/embed\/0qGm-RrzCiY?feature=oembed\" frameborder=\"0\" allow=\"accelerometer; autoplay; clipboard-write; encrypted-media; gyroscope; picture-in-picture\" allowfullscreen><\/iframe>\n<\/div><\/figure>\n","protected":false},"excerpt":{"rendered":"<p>Por: Jos\u00e9 G\u00f3mez Cerdajosegomezcerda@yahoo.com Santiago de los Caballeros, R.D.&nbsp;Agosto 2022.-&nbsp;Rafael Caldera, naci\u00f3 en San Felipe, Estado Yaracuy, en Venezuela, el 24 de enero de 1916, y muri\u00f3 en Caracas, Venezuela,&hellip; <\/p>\n","protected":false},"author":2,"featured_media":93,"comment_status":"closed","ping_status":"open","sticky":false,"template":"","format":"standard","meta":{"fifu_image_url":"","fifu_image_alt":"","footnotes":""},"categories":[4,17],"tags":[],"class_list":["post-92","post","type-post","status-publish","format-standard","has-post-thumbnail","hentry","category-articulo","category-politica"],"_links":{"self":[{"href":"https:\/\/elmundodelapolitica.com\/v1\/wp-json\/wp\/v2\/posts\/92","targetHints":{"allow":["GET"]}}],"collection":[{"href":"https:\/\/elmundodelapolitica.com\/v1\/wp-json\/wp\/v2\/posts"}],"about":[{"href":"https:\/\/elmundodelapolitica.com\/v1\/wp-json\/wp\/v2\/types\/post"}],"author":[{"embeddable":true,"href":"https:\/\/elmundodelapolitica.com\/v1\/wp-json\/wp\/v2\/users\/2"}],"replies":[{"embeddable":true,"href":"https:\/\/elmundodelapolitica.com\/v1\/wp-json\/wp\/v2\/comments?post=92"}],"version-history":[{"count":1,"href":"https:\/\/elmundodelapolitica.com\/v1\/wp-json\/wp\/v2\/posts\/92\/revisions"}],"predecessor-version":[{"id":425,"href":"https:\/\/elmundodelapolitica.com\/v1\/wp-json\/wp\/v2\/posts\/92\/revisions\/425"}],"wp:featuredmedia":[{"embeddable":true,"href":"https:\/\/elmundodelapolitica.com\/v1\/wp-json\/wp\/v2\/media\/93"}],"wp:attachment":[{"href":"https:\/\/elmundodelapolitica.com\/v1\/wp-json\/wp\/v2\/media?parent=92"}],"wp:term":[{"taxonomy":"category","embeddable":true,"href":"https:\/\/elmundodelapolitica.com\/v1\/wp-json\/wp\/v2\/categories?post=92"},{"taxonomy":"post_tag","embeddable":true,"href":"https:\/\/elmundodelapolitica.com\/v1\/wp-json\/wp\/v2\/tags?post=92"}],"curies":[{"name":"wp","href":"https:\/\/api.w.org\/{rel}","templated":true}]}}