{"id":889,"date":"2022-10-28T01:03:59","date_gmt":"2022-10-28T05:03:59","guid":{"rendered":"https:\/\/elmundodelapolitica.com\/v1\/?p=889"},"modified":"2022-10-28T01:03:59","modified_gmt":"2022-10-28T05:03:59","slug":"salud-publica-lleva-a-cabo-la-cumbre-anual-del-dia-de-la-alimentacion-para-avanzar-los-esfuerzos-hacia-la-justicia-alimentaria-en-el-condado-de-los-angeles","status":"publish","type":"post","link":"https:\/\/elmundodelapolitica.com\/v1\/salud-publica-lleva-a-cabo-la-cumbre-anual-del-dia-de-la-alimentacion-para-avanzar-los-esfuerzos-hacia-la-justicia-alimentaria-en-el-condado-de-los-angeles\/","title":{"rendered":"Salud P\u00fablica lleva a cabo la Cumbre anual del D\u00eda de la Alimentaci\u00f3n para avanzar los esfuerzos hacia la justicia alimentaria en el condado de Los \u00c1ngeles"},"content":{"rendered":"<p>Los l\u00edderes de todos los sectores comparten estrategias para un acceso equitativo a alimentos frescos y saludables<br \/>\nLOS \u00c1NGELES&#8211;(BUSINESS WIRE)&#8211;El martes el Departamento de Salud P\u00fablica del Condado de Los \u00c1ngeles (Salud P\u00fablica) continu\u00f3 su impulso a la equidad alimentaria en el condado de Los \u00c1ngeles convocando la segunda Reuni\u00f3n anual del D\u00eda de la Alimentaci\u00f3n, \u201cEl Camino hacia la Justicia Alimentaria: Aprendiendo del Pasado, Navegando hacia el Futuro\u201d. Esta reuni\u00f3n ocurre un poco despu\u00e9s de la Conferencia de la Casa Blanca sobre el Hambre, la Nutrici\u00f3n y la Salud, que reuni\u00f3 a l\u00edderes de los sectores de pol\u00edticas, organizaciones sin fines lucrativos, gobierno y otros sectores para discutir las ra\u00edces de la inequidad dentro del sistema alimentario, y compartir ideas y lecciones aprendidas en la vanguardia de la justicia alimentaria.<\/p>\n<p>\u201cEl condado de Los \u00c1ngeles est\u00e1 comprometido a abordar las disparidades en nuestras comunidades que no han hecho m\u00e1s que profundizarse como resultado de las dificultades que hemos enfrentado a lo largo de los \u00faltimos a\u00f1os\u201d, dijo la presidente de la Junta Directiva de Supervisores del Condado de Los \u00c1ngeles Holly J. Mitchell, representando al segundo distrito. \u201cCreamos el Food Equity Roundtable del Condado de Los \u00c1ngeles a principios de 2020 para implementar soluciones entre sectores y lograr la seguridad alimentaria y nutricional, enfoc\u00e1ndonos en las comunidades marginadas. Juntos construiremos un sistema alimentario m\u00e1s justo y equitativo\u201d.<\/p>\n<p>Seg\u00fan la Encuesta de salud del condado de Los \u00c1ngeles del 2018:<\/p>\n<p>Entre los hogares del condado de Los \u00c1ngeles con ingresos menores al 300 % del Nivel federal de pobreza (ingresos de menos de $73,000 por a\u00f1o para una familia de cuatro), el 26.8 %, que son 516,000 hogares, experimentaron inseguridad alimentaria.<\/p>\n<p>Entre aquellos viviendo en hogares con inseguridad alimentaria, el 67.3 % eran latinos, el 13.9 % eran blancos, el 11.9 % eran afroamericanos, y el 6.2 % eran asi\u00e1ticos.<\/p>\n<p>La prevalencia de obesidad (36.9 %), diabetes tipo 2 (17 %), hipertensi\u00f3n (30.4 %), colesterol alto (30.4 %) y depresi\u00f3n (23.9 %) fueron mayores entre adultos viviendo en hogares con inseguridad alimentaria que entre los que viven en hogares con seguridad alimentaria (29.6 %, 11.8 %, 24.2 %, 25.6 % y 8.4 %, respectivamente).<\/p>\n<p>\u201cLa justicia alimentaria es la creencia de que todos \u2014sin importar raza, ingresos, g\u00e9nero ni origen nacional\u2014 tienen el derecho de tener acceso a alimentos frescos, saludables y asequibles\u201d, declar\u00f3 Barbara Ferrer, PhD, MPH, MEd, Directora del Departamento de Salud P\u00fablica del Condado de Los \u00c1ngeles. \u201cDesgraciadamente, sabemos que quienes experimentan inseguridad alimentaria en el Condado de Los \u00c1ngeles son desproporcionadamente de bajos ingresos y personas de color. La falta de acceso a alimentos asequibles y saludables refleja un conjunto de pol\u00edticas, sistemas y pr\u00e1cticas, muchas de ellas enraizadas en racismo estructural, que perpet\u00faan desventajas significativas para algunas comunidades. Sin intervenciones intencionales y acci\u00f3n colectiva para cambios en nuestros sistemas alimentarios y el ambiente que nos rodea, ser\u00e1 dif\u00edcil garantizar la justicia alimentaria\u201d.<\/p>\n<p>Salud P\u00fablica implementa una variedad de programas que atienden la seguridad alimentaria y nutricional con un enfoque en equidad, incluyendo los programas Market Match y Grocery Voucher, financiados por el American Rescue Plan Act. Estos programas se enfocan en vecindarios que han sido hist\u00f3ricamente discriminados, \u00e1reas de alta concentraci\u00f3n de personas desfavorecidas, comunidades donde hay un bajo nivel de dominio del ingl\u00e9s, y comunidades con alto n\u00famero de casos de CalFresh.<\/p>\n<p>Los oradores y los panelistas en la Cumbre del D\u00eda de la Alimentaci\u00f3n incluyeron l\u00edderes de los sectores de pol\u00edticas, organizaciones comunitarias, sectores que est\u00e1n trabajando para crear un sistema alimentario m\u00e1s saludable, justo y sostenible. Las discusiones se centraron alrededor de las aplicaciones pr\u00e1cticas de la justicia alimentaria, obst\u00e1culos que existen para lograr la justicia alimentaria, y estrategias que han tenido \u00e9xito.<\/p>\n<p>El Departamento de Salud P\u00fablica est\u00e1 comprometido a promover la equidad en la salud y asegurar una salud \u00f3ptima y bienestar para todos los 10 millones de residentes del condado de Los \u00c1ngeles. A trav\u00e9s de una variedad de programas, asociaciones comunitarias y servicios, Salud P\u00fablica supervisa la salud ambiental, control de enfermedades y la salud comunitaria y de la familia. Acreditado nacionalmente por la Junta de Acreditaci\u00f3n de Salud P\u00fablica, el Departamento de Salud P\u00fablica del Condado de Los \u00c1ngeles est\u00e1 conformado por casi 4,500 empleados y tiene un presupuesto anual de $1.2 mil millones. Para aprender m\u00e1s sobre la Salud P\u00fablica del Condado de Los \u00c1ngeles, visite www.publichealth.lacounty.gov, y siga a LA County Public Health en las redes sociales en twitter.com\/lapublichealth, facebook.com\/lapublichealth, instagram.com\/lapublichealth y youtube.com\/lapublichealth.<br \/>\n Contacts<br \/>\nEmily Jerome<br \/>\nEmily.Jerome@FinnPartners.com<\/p>\n","protected":false},"excerpt":{"rendered":"<div>\n<p class=\"bwalignc\">\n<b>Los l\u00edderes de todos los sectores comparten estrategias para un acceso equitativo a alimentos frescos y saludables<\/b>\n<\/p>\n<p>LOS \u00c1NGELES&#8211;(BUSINESS WIRE)&#8211;El martes el Departamento de Salud P\u00fablica del Condado de Los \u00c1ngeles (Salud P\u00fablica) continu\u00f3 su impulso a la equidad alimentaria en el condado de Los \u00c1ngeles convocando la segunda Reuni\u00f3n anual del D\u00eda de la Alimentaci\u00f3n, \u201c<!-- no quote -->El Camino hacia la Justicia Alimentaria: Aprendiendo del Pasado, Navegando hacia el Futuro\u201d. Esta reuni\u00f3n ocurre un poco despu\u00e9s de la Conferencia de la Casa Blanca sobre el Hambre, la Nutrici\u00f3n y la Salud, que reuni\u00f3 a l\u00edderes de los sectores de pol\u00edticas, organizaciones sin fines lucrativos, gobierno y otros sectores para discutir las ra\u00edces de la inequidad dentro del sistema alimentario, y compartir ideas y lecciones aprendidas en la vanguardia de la justicia alimentaria.\n<\/p>\n<p><a href=\"https:\/\/mms.businesswire.com\/media\/20221025005873\/es\/1613299\/5\/DPH_logo_hor_En.jpg\"><img decoding=\"async\" src=\"https:\/\/mms.businesswire.com\/media\/20221025005872\/en\/1613299\/21\/DPH_logo_hor_En.jpg\"><\/a><\/p>\n<p>\n\u201c<!-- no quote -->El condado de Los \u00c1ngeles est\u00e1 comprometido a abordar las disparidades en nuestras comunidades que no han hecho m\u00e1s que profundizarse como resultado de las dificultades que hemos enfrentado a lo largo de los \u00faltimos a\u00f1os\u201d, dijo la presidente de la Junta Directiva de Supervisores del Condado de Los \u00c1ngeles Holly J. Mitchell, representando al segundo distrito. \u201c<!-- no quote -->Creamos el Food Equity Roundtable del Condado de Los \u00c1ngeles a principios de 2020 para implementar soluciones entre sectores y lograr la seguridad alimentaria y nutricional, enfoc\u00e1ndonos en las comunidades marginadas. Juntos construiremos un sistema alimentario m\u00e1s justo y equitativo\u201d.\n<\/p>\n<p>\nSeg\u00fan la Encuesta de salud del condado de Los \u00c1ngeles del 2018:\n<\/p>\n<ul class=\"bwlistcircle\">\n<li>\nEntre los hogares del condado de Los \u00c1ngeles con ingresos menores al 300 % del Nivel federal de pobreza (ingresos de menos de $73,000 por a\u00f1o para una familia de cuatro), el 26.8 %, que son 516,000 hogares, experimentaron inseguridad alimentaria.\n<\/li>\n<li>\nEntre aquellos viviendo en hogares con inseguridad alimentaria, el 67.3 % eran latinos, el 13.9 % eran blancos, el 11.9 % eran afroamericanos, y el 6.2 % eran asi\u00e1ticos.\n<\/li>\n<li>\nLa prevalencia de obesidad (36.9 %), diabetes tipo 2 (17 %), hipertensi\u00f3n (30.4 %), colesterol alto (30.4 %) y depresi\u00f3n (23.9 %) fueron mayores entre adultos viviendo en hogares con inseguridad alimentaria que entre los que viven en hogares con seguridad alimentaria (29.6 %, 11.8 %, 24.2 %, 25.6 % y 8.4 %, respectivamente).\n<\/li>\n<\/ul>\n<p>\n\u201c<!-- no quote -->La justicia alimentaria es la creencia de que todos \u2014sin importar raza, ingresos, g\u00e9nero ni origen nacional\u2014 tienen el derecho de tener acceso a alimentos frescos, saludables y asequibles\u201d, declar\u00f3 Barbara Ferrer, PhD, MPH, MEd, Directora del Departamento de Salud P\u00fablica del Condado de Los \u00c1ngeles. \u201c<!-- no quote -->Desgraciadamente, sabemos que quienes experimentan inseguridad alimentaria en el Condado de Los \u00c1ngeles son desproporcionadamente de bajos ingresos y personas de color. La falta de acceso a alimentos asequibles y saludables refleja un conjunto de pol\u00edticas, sistemas y pr\u00e1cticas, muchas de ellas enraizadas en racismo estructural, que perpet\u00faan desventajas significativas para algunas comunidades. Sin intervenciones intencionales y acci\u00f3n colectiva para cambios en nuestros sistemas alimentarios y el ambiente que nos rodea, ser\u00e1 dif\u00edcil garantizar la justicia alimentaria\u201d.\n<\/p>\n<p>\nSalud P\u00fablica implementa una variedad de programas que atienden la seguridad alimentaria y nutricional con un enfoque en equidad, incluyendo los programas Market Match y Grocery Voucher, financiados por el American Rescue Plan Act. Estos programas se enfocan en vecindarios que han sido hist\u00f3ricamente discriminados, \u00e1reas de alta concentraci\u00f3n de personas desfavorecidas, comunidades donde hay un bajo nivel de dominio del ingl\u00e9s, y comunidades con alto n\u00famero de casos de CalFresh.\n<\/p>\n<p>\nLos oradores y los panelistas en la Cumbre del D\u00eda de la Alimentaci\u00f3n incluyeron l\u00edderes de los sectores de pol\u00edticas, organizaciones comunitarias, sectores que est\u00e1n trabajando para crear un sistema alimentario m\u00e1s saludable, justo y sostenible. Las discusiones se centraron alrededor de las aplicaciones pr\u00e1cticas de la justicia alimentaria, obst\u00e1culos que existen para lograr la justicia alimentaria, y estrategias que han tenido \u00e9xito.\n<\/p>\n<p>\nEl Departamento de Salud P\u00fablica est\u00e1 comprometido a promover la equidad en la salud y asegurar una salud \u00f3ptima y bienestar para todos los 10 millones de residentes del condado de Los \u00c1ngeles. A trav\u00e9s de una variedad de programas, asociaciones comunitarias y servicios, Salud P\u00fablica supervisa la salud ambiental, control de enfermedades y la salud comunitaria y de la familia. Acreditado nacionalmente por la Junta de Acreditaci\u00f3n de Salud P\u00fablica, el Departamento de Salud P\u00fablica del Condado de Los \u00c1ngeles est\u00e1 conformado por casi 4,500 empleados y tiene un presupuesto anual de $1.2 mil millones. Para aprender m\u00e1s sobre la Salud P\u00fablica del Condado de Los \u00c1ngeles, visite <a target=\"_blank\" href=\"https:\/\/cts.businesswire.com\/ct\/CT?id=smartlink&amp;url=http%3A%2F%2Fwww.publichealth.lacounty.gov&amp;esheet=52952446&amp;newsitemid=20221025005873&amp;lan=es-AR&amp;anchor=www.publichealth.lacounty.gov&amp;index=1&amp;md5=0811187e1ce218620f8e50852afbb943\" rel=\"nofollow noopener\">www.publichealth.lacounty.gov<\/a>, y siga a LA County Public Health en las redes sociales en <a target=\"_blank\" href=\"https:\/\/cts.businesswire.com\/ct\/CT?id=smartlink&amp;url=https%3A%2F%2Ftwitter.com%2Flapublichealth&amp;esheet=52952446&amp;newsitemid=20221025005873&amp;lan=es-AR&amp;anchor=twitter.com%2Flapublichealth&amp;index=2&amp;md5=dfb51aa65e69032f9f04a7af3ba24f92\" rel=\"nofollow noopener\">twitter.com\/lapublichealth<\/a>, <a target=\"_blank\" href=\"https:\/\/cts.businesswire.com\/ct\/CT?id=smartlink&amp;url=http%3A%2F%2Fwww.facebook.com%2Flapublichealth&amp;esheet=52952446&amp;newsitemid=20221025005873&amp;lan=es-AR&amp;anchor=facebook.com%2Flapublichealth&amp;index=3&amp;md5=56494f44bfa032eb231eff13dab46fd1\" rel=\"nofollow noopener\">facebook.com\/lapublichealth<\/a>, <a target=\"_blank\" href=\"https:\/\/cts.businesswire.com\/ct\/CT?id=smartlink&amp;url=https%3A%2F%2Fwww.instagram.com%2Flapublichealth%2F&amp;esheet=52952446&amp;newsitemid=20221025005873&amp;lan=es-AR&amp;anchor=instagram.com%2Flapublichealth&amp;index=4&amp;md5=bed5fe8160a6b25db09f9e482528ff55\" rel=\"nofollow noopener\">instagram.com\/lapublichealth<\/a> y <a target=\"_blank\" href=\"https:\/\/cts.businesswire.com\/ct\/CT?id=smartlink&amp;url=http%3A%2F%2Fwww.youtube.com%2Flapublichealth&amp;esheet=52952446&amp;newsitemid=20221025005873&amp;lan=es-AR&amp;anchor=youtube.com%2Flapublichealth&amp;index=5&amp;md5=3cd353eb33e3ca98cf13c632d3096033\" rel=\"nofollow noopener\">youtube.com\/lapublichealth<\/a>.\n<\/p>\n<p> <b>Contacts<\/b> <\/p>\n<p>\nEmily Jerome<br \/>\n<br \/><a target=\"_blank\" href=\"mailto:Emily.Jerome@FinnPartners.com\" rel=\"nofollow noopener\">Emily.Jerome@FinnPartners.com<\/a>\n<\/p>\n<\/div>\n","protected":false},"author":2,"featured_media":890,"comment_status":"closed","ping_status":"closed","sticky":false,"template":"","format":"standard","meta":{"fifu_image_url":"","fifu_image_alt":"","footnotes":""},"categories":[44],"tags":[],"class_list":["post-889","post","type-post","status-publish","format-standard","has-post-thumbnail","hentry","category-business-wire"],"_links":{"self":[{"href":"https:\/\/elmundodelapolitica.com\/v1\/wp-json\/wp\/v2\/posts\/889","targetHints":{"allow":["GET"]}}],"collection":[{"href":"https:\/\/elmundodelapolitica.com\/v1\/wp-json\/wp\/v2\/posts"}],"about":[{"href":"https:\/\/elmundodelapolitica.com\/v1\/wp-json\/wp\/v2\/types\/post"}],"author":[{"embeddable":true,"href":"https:\/\/elmundodelapolitica.com\/v1\/wp-json\/wp\/v2\/users\/2"}],"replies":[{"embeddable":true,"href":"https:\/\/elmundodelapolitica.com\/v1\/wp-json\/wp\/v2\/comments?post=889"}],"version-history":[{"count":0,"href":"https:\/\/elmundodelapolitica.com\/v1\/wp-json\/wp\/v2\/posts\/889\/revisions"}],"wp:featuredmedia":[{"embeddable":true,"href":"https:\/\/elmundodelapolitica.com\/v1\/wp-json\/wp\/v2\/media\/890"}],"wp:attachment":[{"href":"https:\/\/elmundodelapolitica.com\/v1\/wp-json\/wp\/v2\/media?parent=889"}],"wp:term":[{"taxonomy":"category","embeddable":true,"href":"https:\/\/elmundodelapolitica.com\/v1\/wp-json\/wp\/v2\/categories?post=889"},{"taxonomy":"post_tag","embeddable":true,"href":"https:\/\/elmundodelapolitica.com\/v1\/wp-json\/wp\/v2\/tags?post=889"}],"curies":[{"name":"wp","href":"https:\/\/api.w.org\/{rel}","templated":true}]}}