{"id":885,"date":"2022-10-27T20:01:44","date_gmt":"2022-10-28T00:01:44","guid":{"rendered":"https:\/\/elmundodelapolitica.com\/v1\/?p=885"},"modified":"2022-10-27T20:01:48","modified_gmt":"2022-10-28T00:01:48","slug":"comision-del-senado-conversa-con-senador-espanol-jose-cepeda-garcia-sobre-avances-en-ciberseguridad","status":"publish","type":"post","link":"https:\/\/elmundodelapolitica.com\/v1\/comision-del-senado-conversa-con-senador-espanol-jose-cepeda-garcia-sobre-avances-en-ciberseguridad\/","title":{"rendered":"Comisi\u00f3n del Senado conversa con senador espa\u00f1ol Jos\u00e9 Cepeda Garc\u00eda sobre avances en ciberseguridad"},"content":{"rendered":"\n<p><strong>Santo Domingo.-&nbsp;<\/strong>La Comisi\u00f3n Permanente de Transporte y Telecomunicaciones del Senado de la Rep\u00fablica, que preside el senador de Barahona, Jos\u00e9 Del Castillo Savi\u00f1\u00f3n, recibi\u00f3 este jueves la visita del senador espa\u00f1ol Jos\u00e9 Cepeda Garc\u00eda, vicepresidente de la Uni\u00f3n Interparlamentaria (UIP) de la Organizaci\u00f3n de las Naciones Unidas (ONU), con quien intercambiaron ideas sobre los avances alcanzados por Rep\u00fablica Dominicana en materia de ciberseguridad.<\/p>\n\n\n\n<figure class=\"wp-block-gallery has-nested-images columns-default is-cropped wp-block-gallery-1 is-layout-flex wp-block-gallery-is-layout-flex\">\n<figure class=\"wp-block-image size-medium\"><a href=\"https:\/\/elmundodelapolitica.com\/v1\/wp-content\/uploads\/2022\/10\/1-1-696x464-1.jpeg\"><img loading=\"lazy\" decoding=\"async\" width=\"300\" height=\"200\" data-id=\"886\" src=\"https:\/\/elmundodelapolitica.com\/v1\/wp-content\/uploads\/2022\/10\/1-1-696x464-1-300x200.jpeg\" alt=\"\" class=\"wp-image-886\" srcset=\"https:\/\/elmundodelapolitica.com\/v1\/wp-content\/uploads\/2022\/10\/1-1-696x464-1-300x200.jpeg 300w, https:\/\/elmundodelapolitica.com\/v1\/wp-content\/uploads\/2022\/10\/1-1-696x464-1-768x512.jpeg 768w, https:\/\/elmundodelapolitica.com\/v1\/wp-content\/uploads\/2022\/10\/1-1-696x464-1.jpeg 980w\" sizes=\"auto, (max-width: 300px) 100vw, 300px\" \/><\/a><\/figure>\n\n\n\n<figure class=\"wp-block-image size-medium\"><a href=\"https:\/\/elmundodelapolitica.com\/v1\/wp-content\/uploads\/2022\/10\/1-2-696x464-1.jpeg\"><img loading=\"lazy\" decoding=\"async\" width=\"300\" height=\"200\" data-id=\"887\" src=\"https:\/\/elmundodelapolitica.com\/v1\/wp-content\/uploads\/2022\/10\/1-2-696x464-1-300x200.jpeg\" alt=\"\" class=\"wp-image-887\" srcset=\"https:\/\/elmundodelapolitica.com\/v1\/wp-content\/uploads\/2022\/10\/1-2-696x464-1-300x200.jpeg 300w, https:\/\/elmundodelapolitica.com\/v1\/wp-content\/uploads\/2022\/10\/1-2-696x464-1-768x512.jpeg 768w, https:\/\/elmundodelapolitica.com\/v1\/wp-content\/uploads\/2022\/10\/1-2-696x464-1.jpeg 980w\" sizes=\"auto, (max-width: 300px) 100vw, 300px\" \/><\/a><\/figure>\n<\/figure>\n\n\n\n<p>El senador Del Castillo Savi\u00f1\u00f3n dio la bienvenida al legislador espa\u00f1ol y asegur\u00f3 que, en materia de Ciberseguridad, el pa\u00eds se encuentra en un buen momento, ya que fue aprobado el Proyecto de Ley sobre Gesti\u00f3n de Ciberseguridad en Rep\u00fablica Dominicana, propuesto por la senadora Faride Raful.<\/p>\n\n\n\n<p>El senador Jos\u00e9 Cepeda Garc\u00eda resalt\u00f3 las iniciativas que se han desarrollado en Rep\u00fablica Dominicana en materia de seguridad cibern\u00e9tica, tras agradecer el recibimiento por parte del Senado de la Rep\u00fablica y al presidente de la Comisi\u00f3n Permanente de Transporte y Telecomunicaciones de la C\u00e1mara Alta.<\/p>\n\n\n\n<p>\u201cLo que estamos detectando es que en muchos pa\u00edses estos conceptos son algo ajenos a la pol\u00edtica, Sin embargo, aqu\u00ed en Rep\u00fablica Dominicana valoramos el esfuerzo que han hecho; porque hoy la ciberseguridad se ha convertido en una de las prioridades a nivel mundial por el riesgo que representa en las democracias, y es que los hackers pueden llegar a atacar estructuras en procesos electorales, en los parlamentos, entre otros escenarios\u201d, dijo el legislador espa\u00f1ol.<\/p>\n\n\n\n<p>Estuvieron presentes los senadores Jos\u00e9 Del Castillo Savi\u00f1\u00f3n (Barahona) y Carlos G\u00f3mez (Espaillat), en una reuni\u00f3n se realiz\u00f3 conjunta con la Comisi\u00f3n Permanente de Tecnolog\u00eda de la Informaci\u00f3n y Comunicaci\u00f3n de la C\u00e1mara de Diputados que preside el diputado V\u00edctor Fadul, en la cual tambi\u00e9n asistieron los diputados H\u00e9ctor Dar\u00edo Feliz, Omar Fern\u00e1ndez, Francisco Solim\u00e1n, y como invitados; Carlos Jos\u00e9 Gil, Carlos De Jes\u00fas, Pedro Botello y Tob\u00edas Crespo.<\/p>\n\n\n\n<p>Otros invitados al encuentro fueron Iv\u00e1n Feliz Vargas, procurador adjunto titular de la Procuradur\u00eda Especializada Contra Cr\u00edmenes y Delitos de Alta Tecnolog\u00eda; Piero Alvigini, encargado de Ciberseguridad del Departamento de Investigaciones Criminales (DNI); Claudia Peguero, en representaci\u00f3n de la Polic\u00eda Nacional; y Miguel Sur\u00fan Hern\u00e1ndez, presidente del Colegio de Abogados de la Rep\u00fablica Dominicana. &nbsp;&nbsp;<\/p>\n","protected":false},"excerpt":{"rendered":"<p>Santo Domingo.-&nbsp;La Comisi\u00f3n Permanente de Transporte y Telecomunicaciones del Senado de la Rep\u00fablica, que preside el senador de Barahona, Jos\u00e9 Del Castillo Savi\u00f1\u00f3n, recibi\u00f3 este jueves la visita del senador&hellip; <\/p>\n","protected":false},"author":2,"featured_media":887,"comment_status":"open","ping_status":"open","sticky":false,"template":"","format":"standard","meta":{"fifu_image_url":"","fifu_image_alt":"","footnotes":""},"categories":[16],"tags":[],"class_list":["post-885","post","type-post","status-publish","format-standard","has-post-thumbnail","hentry","category-seguridad"],"_links":{"self":[{"href":"https:\/\/elmundodelapolitica.com\/v1\/wp-json\/wp\/v2\/posts\/885","targetHints":{"allow":["GET"]}}],"collection":[{"href":"https:\/\/elmundodelapolitica.com\/v1\/wp-json\/wp\/v2\/posts"}],"about":[{"href":"https:\/\/elmundodelapolitica.com\/v1\/wp-json\/wp\/v2\/types\/post"}],"author":[{"embeddable":true,"href":"https:\/\/elmundodelapolitica.com\/v1\/wp-json\/wp\/v2\/users\/2"}],"replies":[{"embeddable":true,"href":"https:\/\/elmundodelapolitica.com\/v1\/wp-json\/wp\/v2\/comments?post=885"}],"version-history":[{"count":1,"href":"https:\/\/elmundodelapolitica.com\/v1\/wp-json\/wp\/v2\/posts\/885\/revisions"}],"predecessor-version":[{"id":888,"href":"https:\/\/elmundodelapolitica.com\/v1\/wp-json\/wp\/v2\/posts\/885\/revisions\/888"}],"wp:featuredmedia":[{"embeddable":true,"href":"https:\/\/elmundodelapolitica.com\/v1\/wp-json\/wp\/v2\/media\/887"}],"wp:attachment":[{"href":"https:\/\/elmundodelapolitica.com\/v1\/wp-json\/wp\/v2\/media?parent=885"}],"wp:term":[{"taxonomy":"category","embeddable":true,"href":"https:\/\/elmundodelapolitica.com\/v1\/wp-json\/wp\/v2\/categories?post=885"},{"taxonomy":"post_tag","embeddable":true,"href":"https:\/\/elmundodelapolitica.com\/v1\/wp-json\/wp\/v2\/tags?post=885"}],"curies":[{"name":"wp","href":"https:\/\/api.w.org\/{rel}","templated":true}]}}