{"id":879,"date":"2022-10-27T16:40:43","date_gmt":"2022-10-27T20:40:43","guid":{"rendered":"https:\/\/elmundodelapolitica.com\/v1\/?p=879"},"modified":"2022-10-27T16:40:45","modified_gmt":"2022-10-27T20:40:45","slug":"enviado-presidencial-especial-para-clima-kerry-viajara-mexico","status":"publish","type":"post","link":"https:\/\/elmundodelapolitica.com\/v1\/enviado-presidencial-especial-para-clima-kerry-viajara-mexico\/","title":{"rendered":"Enviado Presidencial Especial para Clima Kerry viajara M\u00e9xico"},"content":{"rendered":"\n<p>El enviado presidencial especial para el Clima, John Kerry, viajar\u00e1 a Hermosillo, M\u00e9xico, el 28 y 29 de octubre, donde proseguir\u00e1 las conversaciones sobre cooperaci\u00f3n en materia clim\u00e1tica durante el per\u00edodo previo a la COP27, que se realizar\u00e1 en Sharm al Shaij, Egipto, del 6 al 18 de noviembre de 2022.&nbsp;<\/p>\n\n\n<div class=\"wp-block-image\">\n<figure class=\"aligncenter size-large\"><img loading=\"lazy\" decoding=\"async\" width=\"1024\" height=\"683\" src=\"https:\/\/elmundodelapolitica.com\/v1\/wp-content\/uploads\/2022\/10\/b7273480-470e-4f2a-9854-6da3c44c1fe0-1024x683.jpg\" alt=\"\" class=\"wp-image-880\" srcset=\"https:\/\/elmundodelapolitica.com\/v1\/wp-content\/uploads\/2022\/10\/b7273480-470e-4f2a-9854-6da3c44c1fe0-1024x683.jpg 1024w, https:\/\/elmundodelapolitica.com\/v1\/wp-content\/uploads\/2022\/10\/b7273480-470e-4f2a-9854-6da3c44c1fe0-300x200.jpg 300w, https:\/\/elmundodelapolitica.com\/v1\/wp-content\/uploads\/2022\/10\/b7273480-470e-4f2a-9854-6da3c44c1fe0-768x512.jpg 768w, https:\/\/elmundodelapolitica.com\/v1\/wp-content\/uploads\/2022\/10\/b7273480-470e-4f2a-9854-6da3c44c1fe0-1536x1024.jpg 1536w, https:\/\/elmundodelapolitica.com\/v1\/wp-content\/uploads\/2022\/10\/b7273480-470e-4f2a-9854-6da3c44c1fe0.jpg 1599w\" sizes=\"auto, (max-width: 1024px) 100vw, 1024px\" \/><\/figure>\n<\/div>\n\n\n<p>El secretario Kerry se reunir\u00e1 con el presidente Andr\u00e9s Manuel L\u00f3pez Obrador y otros funcionarios gubernamentales, as\u00ed como con empresas estadounidenses, para hablar sobre la cooperaci\u00f3n bilateral y las oportunidades para mejorar la contribuci\u00f3n determinada a nivel nacional de M\u00e9xico, promover los veh\u00edculos sin emisiones, reducir las emisiones de metano e incrementar las inversiones en energ\u00edas renovables.<\/p>\n","protected":false},"excerpt":{"rendered":"<p>El enviado presidencial especial para el Clima, John Kerry, viajar\u00e1 a Hermosillo, M\u00e9xico, el 28 y 29 de octubre, donde proseguir\u00e1 las conversaciones sobre cooperaci\u00f3n en materia clim\u00e1tica durante el&hellip; <\/p>\n","protected":false},"author":2,"featured_media":880,"comment_status":"open","ping_status":"open","sticky":false,"template":"","format":"standard","meta":{"fifu_image_url":"","fifu_image_alt":"","footnotes":""},"categories":[39],"tags":[],"class_list":["post-879","post","type-post","status-publish","format-standard","has-post-thumbnail","hentry","category-medio-ambiente"],"_links":{"self":[{"href":"https:\/\/elmundodelapolitica.com\/v1\/wp-json\/wp\/v2\/posts\/879","targetHints":{"allow":["GET"]}}],"collection":[{"href":"https:\/\/elmundodelapolitica.com\/v1\/wp-json\/wp\/v2\/posts"}],"about":[{"href":"https:\/\/elmundodelapolitica.com\/v1\/wp-json\/wp\/v2\/types\/post"}],"author":[{"embeddable":true,"href":"https:\/\/elmundodelapolitica.com\/v1\/wp-json\/wp\/v2\/users\/2"}],"replies":[{"embeddable":true,"href":"https:\/\/elmundodelapolitica.com\/v1\/wp-json\/wp\/v2\/comments?post=879"}],"version-history":[{"count":1,"href":"https:\/\/elmundodelapolitica.com\/v1\/wp-json\/wp\/v2\/posts\/879\/revisions"}],"predecessor-version":[{"id":881,"href":"https:\/\/elmundodelapolitica.com\/v1\/wp-json\/wp\/v2\/posts\/879\/revisions\/881"}],"wp:featuredmedia":[{"embeddable":true,"href":"https:\/\/elmundodelapolitica.com\/v1\/wp-json\/wp\/v2\/media\/880"}],"wp:attachment":[{"href":"https:\/\/elmundodelapolitica.com\/v1\/wp-json\/wp\/v2\/media?parent=879"}],"wp:term":[{"taxonomy":"category","embeddable":true,"href":"https:\/\/elmundodelapolitica.com\/v1\/wp-json\/wp\/v2\/categories?post=879"},{"taxonomy":"post_tag","embeddable":true,"href":"https:\/\/elmundodelapolitica.com\/v1\/wp-json\/wp\/v2\/tags?post=879"}],"curies":[{"name":"wp","href":"https:\/\/api.w.org\/{rel}","templated":true}]}}