{"id":870,"date":"2022-10-26T01:04:08","date_gmt":"2022-10-26T05:04:08","guid":{"rendered":"https:\/\/elmundodelapolitica.com\/v1\/?p=870"},"modified":"2022-10-26T01:04:08","modified_gmt":"2022-10-26T05:04:08","slug":"la-startup-de-ia-europea-axelera-ai-cierra-una-ronda-de-inversion-serie-a-por-27-millones-de-dolares","status":"publish","type":"post","link":"https:\/\/elmundodelapolitica.com\/v1\/la-startup-de-ia-europea-axelera-ai-cierra-una-ronda-de-inversion-serie-a-por-27-millones-de-dolares\/","title":{"rendered":"La startup de IA europea Axelera AI cierra una ronda de inversi\u00f3n serie A por 27 millones de d\u00f3lares"},"content":{"rendered":"<p>La empresa lanzar\u00e1 su plataforma de aceleraci\u00f3n de IA a principios de 2023<br \/>\nEINDHOVEN, Pa\u00edses Bajos&#8211;(BUSINESS WIRE)&#8211;La startup de IA europea Axelera AI anunci\u00f3 hoy el cierre de su ronda de inversi\u00f3n serie A por 27 millones de d\u00f3lares.<\/p>\n<p>El financiamiento se utilizar\u00e1 para el lanzamiento de Axelera AI y la producci\u00f3n masiva de su plataforma de aceleraci\u00f3n de IA de primera generaci\u00f3n, que incluye su revolucionaria tecnolog\u00eda de c\u00e1lculo y flujo de datos en memoria. Desde su creaci\u00f3n y el financiamiento inicial realizado el a\u00f1o pasado, Axelera AI present\u00f3 con \u00e9xito su primer chip para banco de pruebas, de desarrollo interno en su totalidad, mediante el cual demostr\u00f3 el rendimiento y la eficiencia del c\u00e1lculo en memoria para c\u00f3mputos de IA [enlace]. Adem\u00e1s, Axelera AI continuar\u00e1 ampliando su equipo.<\/p>\n<p>Axelera AI est\u00e1 dise\u00f1ando las soluciones m\u00e1s eficientes y avanzadas del mundo para IA en el per\u00edmetro. La empresa brindar\u00e1 herramientas para miles de aplicaciones de IA en el per\u00edmetro m\u00e1s eficientes y accesibles, y estar\u00e1 completamente integrada con desarrollos de IA de c\u00f3digo abierto l\u00edderes al momento de su lanzamiento, con el objetivo de seleccionar clientes y socios a principios de 2023.<\/p>\n<p>Jonathan Ballon, exvicepresidente y gerente general del departamento de IA en el per\u00edmetro e IoT de Intel, se desempe\u00f1ar\u00e1 como presidente de Axelera AI.<\/p>\n<p>\u201cEl cierre de esta ronda de inversi\u00f3n llega justo despu\u00e9s de nuestro anuncio de Thetis Core, lo que demuestra las ventajas de nuestra tecnolog\u00eda para la comunidad de IA. Estamos muy entusiasmados por convertirnos en un l\u00edder de IA europeo y de fortalecer la presencia del continente en el sector global\u201d, se\u00f1al\u00f3 Fabrizio del Maffeo, director ejecutivo y cofundador de Axelera AI.<\/p>\n<p>La ronda de financiamiento fue liderada por Innovation Industries, y a ella se unieron imec.xpand y la Compa\u00f1\u00eda Federal de Inversiones y Holding de B\u00e9lgica (SFPIM). Adem\u00e1s, la Agencia Empresarial de los Pa\u00edses Bajos (RVO) otorg\u00f3 a Axelera AI un cr\u00e9dito a la innovaci\u00f3n (Innovatiekrediet) por 6,7 millones de d\u00f3lares, un tipo de pr\u00e9stamo especial reservado para proyectos innovadores y de alto impacto, encargado por el Ministerio de Asuntos Econ\u00f3micos y Pol\u00edticas Clim\u00e1ticas.<\/p>\n<p>Axelera AI anunciar\u00e1 a la mayor brevedad posible su primer producto y comenzar\u00e1 su ronda de inversi\u00f3n serie B.<\/p>\n<p>Acerca de Axelera<\/p>\n<p>Axelera AI est\u00e1 dise\u00f1ando las soluciones m\u00e1s potentes y avanzadas del mundo para IA en el per\u00edmetro. Su revolucionario producto de hardware y software concentrar\u00e1 la potencia de c\u00f3mputo de IA de un servidor entero en un solo chip, con una fracci\u00f3n del consumo de energ\u00eda y el precio del hardware de IA actual. Con sede en el Centro de Innovaci\u00f3n de IA del Campus de Alta Tecnolog\u00eda de Eindhoven, Axelera posee oficinas de I+D en B\u00e9lgica, Suiza e Italia. Su equipo de expertos en software y hardware de IA provienen de las principales firmas del sector y empresas del listado Fortune 500. Para m\u00e1s informaci\u00f3n, visite www.axelera.ai<\/p>\n<p>El texto original en el idioma fuente de este comunicado es la versi\u00f3n oficial autorizada. Las traducciones solo se suministran como adaptaci\u00f3n y deben cotejarse con el texto en el idioma fuente, que es la \u00fanica versi\u00f3n del texto que tendr\u00e1 un efecto legal.<br \/>\n Contacts<br \/>\nContacto de prensa:Merlijn Linschooten<br \/>\npress@axelera.ai<\/p>\n","protected":false},"excerpt":{"rendered":"<div>\n<p class=\"bwalignc\">\n<i>La empresa lanzar\u00e1 su plataforma de aceleraci\u00f3n de IA a principios de 2023<\/i>\n<\/p>\n<p>EINDHOVEN, Pa\u00edses Bajos&#8211;(BUSINESS WIRE)&#8211;La startup de IA europea <a target=\"_blank\" href=\"https:\/\/cts.businesswire.com\/ct\/CT?id=smartlink&amp;url=https%3A%2F%2Faxelera.ai%2F&amp;esheet=52945828&amp;newsitemid=20221017005514&amp;lan=es-AR&amp;anchor=Axelera+AI&amp;index=1&amp;md5=65252416cebc0045b26043005da737b1\" rel=\"nofollow noopener\">Axelera AI<\/a> anunci\u00f3 hoy el cierre de su ronda de inversi\u00f3n serie A por 27 millones de d\u00f3lares.\n<\/p>\n<p><a href=\"https:\/\/mms.businesswire.com\/media\/20221017005514\/es\/1603537\/5\/Axelera_AI_Collage2_%281%29.jpg\"><img decoding=\"async\" src=\"https:\/\/mms.businesswire.com\/media\/20221017005510\/en\/1603537\/21\/Axelera_AI_Collage2_%281%29.jpg\"><\/a><br \/><a href=\"https:\/\/mms.businesswire.com\/media\/20221017005514\/es\/1603536\/5\/axelera-ai-white-bg_%281%29.jpg\"><img decoding=\"async\" src=\"https:\/\/mms.businesswire.com\/media\/20221017005510\/en\/1603536\/21\/axelera-ai-white-bg_%281%29.jpg\"><\/a><\/p>\n<p>\nEl financiamiento se utilizar\u00e1 para el lanzamiento de Axelera AI y la producci\u00f3n masiva de su plataforma de aceleraci\u00f3n de IA de primera generaci\u00f3n, que incluye su revolucionaria tecnolog\u00eda de c\u00e1lculo y flujo de datos en memoria. Desde su creaci\u00f3n y el financiamiento inicial realizado el a\u00f1o pasado, Axelera AI present\u00f3 con \u00e9xito su primer chip para banco de pruebas, de desarrollo interno en su totalidad, mediante el cual demostr\u00f3 el rendimiento y la eficiencia del c\u00e1lculo en memoria para c\u00f3mputos de IA [<a target=\"_blank\" href=\"https:\/\/cts.businesswire.com\/ct\/CT?id=smartlink&amp;url=https%3A%2F%2Fwww.axelera.ai%2Fthetis-core-chip%2F&amp;esheet=52945828&amp;newsitemid=20221017005514&amp;lan=es-AR&amp;anchor=enlace&amp;index=2&amp;md5=c22325da75f14e57b8cca1b281302252\" rel=\"nofollow noopener\">enlace<\/a>]. Adem\u00e1s, Axelera AI continuar\u00e1 ampliando su <a target=\"_blank\" href=\"https:\/\/cts.businesswire.com\/ct\/CT?id=smartlink&amp;url=https%3A%2F%2Fwww.axelera.ai%2Fteam%2F&amp;esheet=52945828&amp;newsitemid=20221017005514&amp;lan=es-AR&amp;anchor=equipo&amp;index=3&amp;md5=60d768e1b72128c5e8e95d6f276794f1\" rel=\"nofollow noopener\">equipo<\/a>.\n<\/p>\n<p>\nAxelera AI est\u00e1 dise\u00f1ando las soluciones m\u00e1s eficientes y avanzadas del mundo para IA en el per\u00edmetro. La empresa brindar\u00e1 herramientas para miles de aplicaciones de IA en el per\u00edmetro m\u00e1s eficientes y accesibles, y estar\u00e1 completamente integrada con desarrollos de IA de c\u00f3digo abierto l\u00edderes al momento de su lanzamiento, con el objetivo de seleccionar clientes y socios a principios de 2023.\n<\/p>\n<p>\nJonathan Ballon, exvicepresidente y gerente general del departamento de IA en el per\u00edmetro e IoT de Intel, se desempe\u00f1ar\u00e1 como presidente de Axelera AI.\n<\/p>\n<p>\n\u201cEl cierre de esta ronda de inversi\u00f3n llega justo despu\u00e9s de nuestro anuncio de Thetis Core, lo que demuestra las ventajas de nuestra tecnolog\u00eda para la comunidad de IA. Estamos muy entusiasmados por convertirnos en un l\u00edder de IA europeo y de fortalecer la presencia del continente en el sector global\u201d, se\u00f1al\u00f3 Fabrizio del Maffeo, director ejecutivo y cofundador de Axelera AI.\n<\/p>\n<p>\nLa ronda de financiamiento fue liderada por Innovation Industries, y a ella se unieron imec.xpand y la Compa\u00f1\u00eda Federal de Inversiones y Holding de B\u00e9lgica (SFPIM). Adem\u00e1s, la Agencia Empresarial de los Pa\u00edses Bajos (RVO) otorg\u00f3 a Axelera AI un cr\u00e9dito a la innovaci\u00f3n (Innovatiekrediet) por 6,7 millones de d\u00f3lares, un tipo de pr\u00e9stamo especial reservado para proyectos innovadores y de alto impacto, encargado por el Ministerio de Asuntos Econ\u00f3micos y Pol\u00edticas Clim\u00e1ticas.\n<\/p>\n<p>\nAxelera AI anunciar\u00e1 a la mayor brevedad posible su primer producto y comenzar\u00e1 su ronda de inversi\u00f3n serie B.\n<\/p>\n<p>\n<b>Acerca de Axelera<\/b>\n<\/p>\n<p>\nAxelera AI est\u00e1 dise\u00f1ando las soluciones m\u00e1s potentes y avanzadas del mundo para IA en el per\u00edmetro. Su revolucionario producto de hardware y software concentrar\u00e1 la potencia de c\u00f3mputo de IA de un servidor entero en un solo chip, con una fracci\u00f3n del consumo de energ\u00eda y el precio del hardware de IA actual. Con sede en el Centro de Innovaci\u00f3n de IA del Campus de Alta Tecnolog\u00eda de Eindhoven, Axelera posee oficinas de I+D en B\u00e9lgica, Suiza e Italia. Su equipo de expertos en software y hardware de IA provienen de las principales firmas del sector y empresas del listado Fortune 500. Para m\u00e1s informaci\u00f3n, visite <a target=\"_blank\" href=\"https:\/\/cts.businesswire.com\/ct\/CT?id=smartlink&amp;url=http%3A%2F%2Fwww.axelera.ai&amp;esheet=52945828&amp;newsitemid=20221017005514&amp;lan=es-AR&amp;anchor=www.axelera.ai&amp;index=4&amp;md5=6d04d8e9f120403129dcd44eeb754aad\" rel=\"nofollow noopener\">www.axelera.ai<\/a>\n<\/p>\n<p>\nEl texto original en el idioma fuente de este comunicado es la versi\u00f3n oficial autorizada. Las traducciones solo se suministran como adaptaci\u00f3n y deben cotejarse con el texto en el idioma fuente, que es la \u00fanica versi\u00f3n del texto que tendr\u00e1 un efecto legal.\n<\/p>\n<p> <b>Contacts<\/b> <\/p>\n<p>\n<b>Contacto de prensa:<\/b><br \/>Merlijn Linschooten<br \/>\n<br \/><a target=\"_blank\" href=\"mailto:press@axelera.ai\" rel=\"nofollow noopener\">press@axelera.ai<\/a>\n<\/p>\n<\/div>\n","protected":false},"author":2,"featured_media":871,"comment_status":"closed","ping_status":"closed","sticky":false,"template":"","format":"standard","meta":{"fifu_image_url":"","fifu_image_alt":"","footnotes":""},"categories":[44],"tags":[],"class_list":["post-870","post","type-post","status-publish","format-standard","has-post-thumbnail","hentry","category-business-wire"],"_links":{"self":[{"href":"https:\/\/elmundodelapolitica.com\/v1\/wp-json\/wp\/v2\/posts\/870","targetHints":{"allow":["GET"]}}],"collection":[{"href":"https:\/\/elmundodelapolitica.com\/v1\/wp-json\/wp\/v2\/posts"}],"about":[{"href":"https:\/\/elmundodelapolitica.com\/v1\/wp-json\/wp\/v2\/types\/post"}],"author":[{"embeddable":true,"href":"https:\/\/elmundodelapolitica.com\/v1\/wp-json\/wp\/v2\/users\/2"}],"replies":[{"embeddable":true,"href":"https:\/\/elmundodelapolitica.com\/v1\/wp-json\/wp\/v2\/comments?post=870"}],"version-history":[{"count":0,"href":"https:\/\/elmundodelapolitica.com\/v1\/wp-json\/wp\/v2\/posts\/870\/revisions"}],"wp:featuredmedia":[{"embeddable":true,"href":"https:\/\/elmundodelapolitica.com\/v1\/wp-json\/wp\/v2\/media\/871"}],"wp:attachment":[{"href":"https:\/\/elmundodelapolitica.com\/v1\/wp-json\/wp\/v2\/media?parent=870"}],"wp:term":[{"taxonomy":"category","embeddable":true,"href":"https:\/\/elmundodelapolitica.com\/v1\/wp-json\/wp\/v2\/categories?post=870"},{"taxonomy":"post_tag","embeddable":true,"href":"https:\/\/elmundodelapolitica.com\/v1\/wp-json\/wp\/v2\/tags?post=870"}],"curies":[{"name":"wp","href":"https:\/\/api.w.org\/{rel}","templated":true}]}}