{"id":87,"date":"2022-08-09T13:19:49","date_gmt":"2022-08-09T17:19:49","guid":{"rendered":"http:\/\/www.elmundodelapolitica.com\/v2\/?p=25611"},"modified":"2022-09-26T10:35:29","modified_gmt":"2022-09-26T14:35:29","slug":"juramenta-astacio-superintendente-electricidad-y-presidente-consejo-sie","status":"publish","type":"post","link":"https:\/\/elmundodelapolitica.com\/v1\/juramenta-astacio-superintendente-electricidad-y-presidente-consejo-sie\/","title":{"rendered":"Juramenta Astacio superintendente Electricidad y presidente Consejo SIE"},"content":{"rendered":"\n<p>Santo Domingo, R.D. Agosto 8, 2022.- El ingeniero Antonio Almonte, ministro de Energ\u00eda y Minas, jurament\u00f3 y posesion\u00f3 a Andr\u00e9s Astacio quien fue designado como superintendente de Electricidad y presidente del Consejo Administrativo SIE mediante el decreto 429-22 emitido por el presidente Luis Abinader.<\/p>\n\n\n\n<p>Durante sus palabras en el acto de juramentaci\u00f3n, Astacio se comprometi\u00f3 a hacer cumplir las leyes y las normativas relacionadas con la regulaci\u00f3n del sector el\u00e9ctrico dominicano y el mejor funcionamiento del mismo.<\/p>\n\n\n\n<p>\u00a8El servicio p\u00fablico hay que entenderlo, no como privilegio sino como compromiso con nuestro pa\u00eds y nuestras familias. Trabajar\u00e9 para seguir logrando que los dominicanos tengan acceso a un servicio el\u00e9ctrico estable, constante y sostenible en el tiempo\u00a8, expres\u00f3.<\/p>\n\n\n\n<p>Desde agosto 2020 hasta la fecha, Astacio se desempe\u00f1aba como vicepresidente ejecutivo del Consejo Unificado de las empresas distribuidoras de electricidad, Edeeste, Edenorte y Edesur.&nbsp; Es un profesional del derecho con maestr\u00eda en econom\u00eda y regulaci\u00f3n de servicios p\u00fablicos menci\u00f3n energ\u00eda, con especialidad en derecho administrativo, negociaci\u00f3n y estrategia de conflicto.<\/p>\n\n\n\n<p>Adicionalmente, a lo largo de su carrera en el sector el\u00e9ctrico, la cual inici\u00f3 en el a\u00f1o 2001, ha acumulado vasta experiencia en el \u00e1rea de regulaci\u00f3n econ\u00f3mica aplicada al sub-sector el\u00e9ctrico. Tuvo una participaci\u00f3n activa en el proceso de negociaci\u00f3n, redacci\u00f3n y aprobaci\u00f3n de las modificaciones a la Ley General de Electricidad de la Rep\u00fablica Dominicana.<\/p>\n","protected":false},"excerpt":{"rendered":"<p>Santo Domingo, R.D. Agosto 8, 2022.- El ingeniero Antonio Almonte, ministro de Energ\u00eda y Minas, jurament\u00f3 y posesion\u00f3 a Andr\u00e9s Astacio quien fue designado como superintendente de Electricidad y presidente&hellip; <\/p>\n","protected":false},"author":2,"featured_media":88,"comment_status":"closed","ping_status":"open","sticky":false,"template":"","format":"standard","meta":{"fifu_image_url":"","fifu_image_alt":"","footnotes":""},"categories":[29],"tags":[],"class_list":["post-87","post","type-post","status-publish","format-standard","has-post-thumbnail","hentry","category-energia"],"_links":{"self":[{"href":"https:\/\/elmundodelapolitica.com\/v1\/wp-json\/wp\/v2\/posts\/87","targetHints":{"allow":["GET"]}}],"collection":[{"href":"https:\/\/elmundodelapolitica.com\/v1\/wp-json\/wp\/v2\/posts"}],"about":[{"href":"https:\/\/elmundodelapolitica.com\/v1\/wp-json\/wp\/v2\/types\/post"}],"author":[{"embeddable":true,"href":"https:\/\/elmundodelapolitica.com\/v1\/wp-json\/wp\/v2\/users\/2"}],"replies":[{"embeddable":true,"href":"https:\/\/elmundodelapolitica.com\/v1\/wp-json\/wp\/v2\/comments?post=87"}],"version-history":[{"count":1,"href":"https:\/\/elmundodelapolitica.com\/v1\/wp-json\/wp\/v2\/posts\/87\/revisions"}],"predecessor-version":[{"id":422,"href":"https:\/\/elmundodelapolitica.com\/v1\/wp-json\/wp\/v2\/posts\/87\/revisions\/422"}],"wp:featuredmedia":[{"embeddable":true,"href":"https:\/\/elmundodelapolitica.com\/v1\/wp-json\/wp\/v2\/media\/88"}],"wp:attachment":[{"href":"https:\/\/elmundodelapolitica.com\/v1\/wp-json\/wp\/v2\/media?parent=87"}],"wp:term":[{"taxonomy":"category","embeddable":true,"href":"https:\/\/elmundodelapolitica.com\/v1\/wp-json\/wp\/v2\/categories?post=87"},{"taxonomy":"post_tag","embeddable":true,"href":"https:\/\/elmundodelapolitica.com\/v1\/wp-json\/wp\/v2\/tags?post=87"}],"curies":[{"name":"wp","href":"https:\/\/api.w.org\/{rel}","templated":true}]}}