{"id":852,"date":"2022-10-22T01:00:41","date_gmt":"2022-10-22T05:00:41","guid":{"rendered":"https:\/\/elmundodelapolitica.com\/v1\/?p=852"},"modified":"2022-10-22T01:00:41","modified_gmt":"2022-10-22T05:00:41","slug":"resumen-europa-adopta-las-herramientas-nativas-de-la-nube-a-medida-que-el-mercado-madura","status":"publish","type":"post","link":"https:\/\/elmundodelapolitica.com\/v1\/resumen-europa-adopta-las-herramientas-nativas-de-la-nube-a-medida-que-el-mercado-madura\/","title":{"rendered":"Resumen: Europa adopta las herramientas nativas de la nube a medida que el mercado madura"},"content":{"rendered":"<p>Los contenedores siguen ganando en popularidad y los proveedores de servicios ayudan a las empresas a afrontar los desaf\u00edos operativos y de migraci\u00f3n, seg\u00fan el informe ISG Provider Lens\u2122<br \/>\nLONDRES&#8211;(BUSINESS WIRE)&#8211;Las empresas de Europa est\u00e1n desarrollando un conocimiento m\u00e1s profundo de las tecnolog\u00edas nativas de la nube y las est\u00e1n adoptando ligeramente m\u00e1s r\u00e1pido que las empresas de EE. UU., seg\u00fan un nuevo informe de investigaci\u00f3n publicado hoy por Information Services Group (ISG) (Nasdaq: III), una empresa l\u00edder en investigaci\u00f3n y asesoramiento tecnol\u00f3gicos a nivel mundial.<\/p>\n<p>El informe 2022 ISG Provider Lens\u2122 Cloud Native Services and Solutions para Europa ha descubierto un uso generalizado y creciente de los contenedores y la orquestaci\u00f3n de la plataforma Kubernetes, incluso cuando el mercado pasa de un auge celebrado a bombo y platillo a una fase m\u00e1s madura.<\/p>\n<p>El comunicado en el idioma original es la versi\u00f3n oficial y autorizada del mismo. Esta traducci\u00f3n es solamente un medio de ayuda y deber\u00e1 ser comparada con el texto en idioma original, que es la \u00fanica versi\u00f3n del texto que tendr\u00e1 validez legal.<br \/>\n Contacts<br \/>\nPress:<\/p>\n<p>Will Thoretz, ISG<br \/>\n+1 203 517 3119<br \/>\nwill.thoretz@isg-one.com<\/p>\n<p>Kate Hartley, Carrot Communications for ISG<br \/>\n+44 (0)20 3457 6403<br \/>\nkate.hartley@carrotcomms.co.uk<\/p>\n","protected":false},"excerpt":{"rendered":"<div>\n<p class=\"bwalignc\">\n<strong>Los contenedores siguen ganando en popularidad y los proveedores de servicios ayudan a las empresas a afrontar los desaf\u00edos operativos y de migraci\u00f3n, seg\u00fan el informe ISG Provider Lens\u2122<\/strong>\n<\/p>\n<p>LONDRES&#8211;(BUSINESS WIRE)&#8211;Las empresas de Europa est\u00e1n desarrollando un conocimiento m\u00e1s profundo de las tecnolog\u00edas nativas de la nube y las est\u00e1n adoptando ligeramente m\u00e1s r\u00e1pido que las empresas de EE. UU., seg\u00fan un nuevo informe de investigaci\u00f3n publicado hoy por Information Services Group (<a target=\"_blank\" href=\"https:\/\/cts.businesswire.com\/ct\/CT?id=smartlink&amp;url=http%3A%2F%2Fwww.isg-one.com&amp;esheet=52949687&amp;newsitemid=20221021005093&amp;lan=es-ES&amp;anchor=ISG&amp;index=1&amp;md5=df13149e45a6cf0c25ee3a2db58c33e6\" rel=\"nofollow noopener\">ISG<\/a>) (Nasdaq: <a target=\"_blank\" href=\"https:\/\/cts.businesswire.com\/ct\/CT?id=smartlink&amp;url=http%3A%2F%2Fwww.nasdaq.com%2Fsymbol%2Fiii&amp;esheet=52949687&amp;newsitemid=20221021005093&amp;lan=es-ES&amp;anchor=III&amp;index=2&amp;md5=a2c2342df27c91dcbbde470ddbd67009\" rel=\"nofollow noopener\">III<\/a>), una empresa l\u00edder en investigaci\u00f3n y asesoramiento tecnol\u00f3gicos a nivel mundial.\n<\/p>\n<p><a href=\"https:\/\/mms.businesswire.com\/media\/20221021005093\/es\/1016900\/5\/ISG_%28R%29_Logo.jpg\"><img decoding=\"async\" src=\"https:\/\/mms.businesswire.com\/media\/20221021005090\/en\/1016900\/21\/ISG_%28R%29_Logo.jpg\"><\/a><\/p>\n<p>\nEl informe 2022 ISG Provider Lens\u2122 Cloud Native Services and Solutions para Europa ha descubierto un uso generalizado y creciente de los contenedores y la orquestaci\u00f3n de la plataforma Kubernetes, incluso cuando el mercado pasa de un auge celebrado a bombo y platillo a una fase m\u00e1s madura.\n<\/p>\n<p>\nEl comunicado en el idioma original es la versi\u00f3n oficial y autorizada del mismo. Esta traducci\u00f3n es solamente un medio de ayuda y deber\u00e1 ser comparada con el texto en idioma original, que es la \u00fanica versi\u00f3n del texto que tendr\u00e1 validez legal.\n<\/p>\n<p> <b>Contacts<\/b> <\/p>\n<p>\n<b>Press:<\/b>\n<\/p>\n<p>\nWill Thoretz, ISG<br \/>\n<br \/>+1 203 517 3119<br \/>\n<br \/><a target=\"_blank\" href=\"mailto:will.thoretz@isg-one.com\" rel=\"nofollow noopener\">will.thoretz@isg-one.com<\/a>\n<\/p>\n<p>\nKate Hartley, Carrot Communications for ISG<br \/>\n<br \/>+44 (0)20 3457 6403<br \/>\n<br \/><a target=\"_blank\" href=\"mailto:kate.hartley@carrotcomms.co.uk\" rel=\"nofollow noopener\">kate.hartley@carrotcomms.co.uk<\/a>\n<\/p>\n<\/div>\n","protected":false},"author":2,"featured_media":853,"comment_status":"closed","ping_status":"closed","sticky":false,"template":"","format":"standard","meta":{"fifu_image_url":"","fifu_image_alt":"","footnotes":""},"categories":[44],"tags":[],"class_list":["post-852","post","type-post","status-publish","format-standard","has-post-thumbnail","hentry","category-business-wire"],"_links":{"self":[{"href":"https:\/\/elmundodelapolitica.com\/v1\/wp-json\/wp\/v2\/posts\/852","targetHints":{"allow":["GET"]}}],"collection":[{"href":"https:\/\/elmundodelapolitica.com\/v1\/wp-json\/wp\/v2\/posts"}],"about":[{"href":"https:\/\/elmundodelapolitica.com\/v1\/wp-json\/wp\/v2\/types\/post"}],"author":[{"embeddable":true,"href":"https:\/\/elmundodelapolitica.com\/v1\/wp-json\/wp\/v2\/users\/2"}],"replies":[{"embeddable":true,"href":"https:\/\/elmundodelapolitica.com\/v1\/wp-json\/wp\/v2\/comments?post=852"}],"version-history":[{"count":0,"href":"https:\/\/elmundodelapolitica.com\/v1\/wp-json\/wp\/v2\/posts\/852\/revisions"}],"wp:featuredmedia":[{"embeddable":true,"href":"https:\/\/elmundodelapolitica.com\/v1\/wp-json\/wp\/v2\/media\/853"}],"wp:attachment":[{"href":"https:\/\/elmundodelapolitica.com\/v1\/wp-json\/wp\/v2\/media?parent=852"}],"wp:term":[{"taxonomy":"category","embeddable":true,"href":"https:\/\/elmundodelapolitica.com\/v1\/wp-json\/wp\/v2\/categories?post=852"},{"taxonomy":"post_tag","embeddable":true,"href":"https:\/\/elmundodelapolitica.com\/v1\/wp-json\/wp\/v2\/tags?post=852"}],"curies":[{"name":"wp","href":"https:\/\/api.w.org\/{rel}","templated":true}]}}