{"id":841,"date":"2022-10-21T12:24:39","date_gmt":"2022-10-21T16:24:39","guid":{"rendered":"https:\/\/elmundodelapolitica.com\/v1\/?p=841"},"modified":"2022-10-21T12:24:41","modified_gmt":"2022-10-21T16:24:41","slug":"collado-senala-fortalecer-la-conectividad-principal-reto-tiene-pais","status":"publish","type":"post","link":"https:\/\/elmundodelapolitica.com\/v1\/collado-senala-fortalecer-la-conectividad-principal-reto-tiene-pais\/","title":{"rendered":"Collado se\u00f1ala fortalecer la conectividad principal reto tiene pa\u00eds"},"content":{"rendered":"\n<p><strong>PUNTA CANA, LA ALTAGRACIA, R.D<\/strong>. Octubre 21, 2022.-\u00a0<a>El ministro de Turismo, David Collado, inform\u00f3 que seguir fortaleciendo la conectividad es el principal reto que tiene el pa\u00eds<\/a>\u00a0y que la visi\u00f3n del Gobierno y el Gabinete de Turismo, es el apoyo al acuerdo de cielos abiertos con los Estados Unidos de Norteam\u00e9rica.<\/p>\n\n\n\n<p>\u201cVamos a seguir impulsando el tema de la conectividad con los Estados Unidos y apoyamos firmemente las declaraciones de la Embajada Americana de cielos abiertos\u201d, indic\u00f3 el ministro de Turismo.&nbsp;<a><\/a><\/p>\n\n\n\n<p>Estas declaraciones fueron ofrecidas por Collado, en el marco de la 34 edici\u00f3n de la Exposici\u00f3n Comercial Asonahores 2022, donde participan&nbsp;m\u00e1s&nbsp;de 176 empresas de toda la cadena comercial, la cual se lleva a cabo del 19 al 21 de octubre, en Blue Mall Punta Cana, que est\u00e1 dedicada a los Estados Unidos, por ser el principal emisor de turistas hacia Quisqueya.<\/p>\n\n\n\n<p>El funcionario destac<a>\u00f3<\/a>&nbsp;que la plataforma ForwardKeys, que mide todos los aeropuertos y las l\u00edneas a\u00e9reas del mundo, acaba de publicar que&nbsp;<a>Rep\u00fablica Dominicana&nbsp;<\/a>est\u00e1 en el lugar n\u00famero uno en las reservaciones&nbsp;<a>del \u00fa<\/a>ltimo cuatrimestre del a\u00f1o, en cuanto a llegada de turistas, con m\u00e1s 40%, con relaci\u00f3n al mismo periodo 2019.<\/p>\n\n\n\n<p>\u201cNuestros n\u00fameros son sorprendentes y lo que tenemos es que seguir cuidando el turismo en&nbsp;Rep\u00fablica Dominicana, seguir haciendo una alianza con el sector privado como se ha estado haciendo\u201d, dijo Collado. &nbsp;<\/p>\n\n\n\n<p>El funcionario expres\u00f3 que con esta versi\u00f3n de Expo Asonahores hay buena expectativa, porque en ella se puede ver todo lo que representa el turismo, toda la cadena comercial, desde alimento, tecnolog\u00eda, construcciones, entre otros.<\/p>\n\n\n\n<p>\u201cAqu\u00ed queda reflejado en esta feria comercial, la fuerza y la importancia que tiene el turismo en la econom\u00eda del pa\u00eds que representa un 15% del Producto Interno Bruto (PIB), que para este a\u00f1o estamos promediando en m\u00e1s de 8,200 millones de d\u00f3lares en la entrada de divisas, esto hace que se mantenga la estabilidad cambiaria, y esto refleja claramente que el sector turismo est\u00e1 totalmente recuperado en&nbsp;Rep\u00fablica Dominicana\u201d, agreg\u00f3.<\/p>\n\n\n\n<p>David Collado dijo que esta exposici\u00f3n es r\u00e9cord, con&nbsp;<a>m\u00e1s de 176 empresas,<\/a>&nbsp;lo que refleja claramente que la recuperaci\u00f3n de turismo es una realidad de Rep\u00fablica Dominicana, y que esto es un esfuerzo de todos, porque \u201cRep\u00fablica Dominicana lo tiene todo\u201d.<\/p>\n\n\n\n<p>El presidente de ASONAHORES, Rafael Blanco Tejera, expres\u00f3 que: \u201cEl aporte y evoluci\u00f3n de la industria tur\u00edstica en la econom\u00eda dominicana forman parte de las m\u00e1s importantes transformaciones del aparato productivo, al presentar un efecto multiplicador entre las distintas demandas de bienes y servicios que genera.<\/p>\n\n\n\n<p>El secretario general de la Organizaci\u00f3n Mundial del Turismo (OMT),&nbsp;<a>Zurab Pololikashvili<\/a>, felicit\u00f3 al ministro David Collado por la gran labor que est\u00e1 desarrollado, al tiempo de indicar que lo que est\u00e1 ocurriendo en Rep\u00fablica Dominicana son n\u00fameros muy din\u00e1micos y positivos por el trabajo que se ha hecho y fruto de esto, el pa\u00eds est\u00e1 en el consejo directivo y el pr\u00f3ximo a\u00f1o la OMT recibir\u00e1, aqu\u00ed, los ministros de turismo m\u00e1s importantes del mundo.<\/p>\n\n\n\n<p>\u201cEn los pr\u00f3ximos 3 o 4 a\u00f1os desde la OTM se hablar\u00e1 sobre Rep\u00fablica Dominicana y de tres cosas importantes: Desarrollo sostenible, Innovaci\u00f3n y educaci\u00f3n, donde se har\u00e1n muchos proyectos e Inversiones\u201d, puntualiz<a>\u00f3<\/a>&nbsp;Pololikashvili.<\/p>\n","protected":false},"excerpt":{"rendered":"<p>PUNTA CANA, LA ALTAGRACIA, R.D. Octubre 21, 2022.-\u00a0El ministro de Turismo, David Collado, inform\u00f3 que seguir fortaleciendo la conectividad es el principal reto que tiene el pa\u00eds\u00a0y que la visi\u00f3n&hellip; <\/p>\n","protected":false},"author":2,"featured_media":842,"comment_status":"open","ping_status":"open","sticky":false,"template":"","format":"standard","meta":{"fifu_image_url":"","fifu_image_alt":"","footnotes":""},"categories":[34],"tags":[],"class_list":["post-841","post","type-post","status-publish","format-standard","has-post-thumbnail","hentry","category-turismo"],"_links":{"self":[{"href":"https:\/\/elmundodelapolitica.com\/v1\/wp-json\/wp\/v2\/posts\/841","targetHints":{"allow":["GET"]}}],"collection":[{"href":"https:\/\/elmundodelapolitica.com\/v1\/wp-json\/wp\/v2\/posts"}],"about":[{"href":"https:\/\/elmundodelapolitica.com\/v1\/wp-json\/wp\/v2\/types\/post"}],"author":[{"embeddable":true,"href":"https:\/\/elmundodelapolitica.com\/v1\/wp-json\/wp\/v2\/users\/2"}],"replies":[{"embeddable":true,"href":"https:\/\/elmundodelapolitica.com\/v1\/wp-json\/wp\/v2\/comments?post=841"}],"version-history":[{"count":1,"href":"https:\/\/elmundodelapolitica.com\/v1\/wp-json\/wp\/v2\/posts\/841\/revisions"}],"predecessor-version":[{"id":843,"href":"https:\/\/elmundodelapolitica.com\/v1\/wp-json\/wp\/v2\/posts\/841\/revisions\/843"}],"wp:featuredmedia":[{"embeddable":true,"href":"https:\/\/elmundodelapolitica.com\/v1\/wp-json\/wp\/v2\/media\/842"}],"wp:attachment":[{"href":"https:\/\/elmundodelapolitica.com\/v1\/wp-json\/wp\/v2\/media?parent=841"}],"wp:term":[{"taxonomy":"category","embeddable":true,"href":"https:\/\/elmundodelapolitica.com\/v1\/wp-json\/wp\/v2\/categories?post=841"},{"taxonomy":"post_tag","embeddable":true,"href":"https:\/\/elmundodelapolitica.com\/v1\/wp-json\/wp\/v2\/tags?post=841"}],"curies":[{"name":"wp","href":"https:\/\/api.w.org\/{rel}","templated":true}]}}