{"id":84,"date":"2022-08-15T19:28:39","date_gmt":"2022-08-15T23:28:39","guid":{"rendered":"https:\/\/elmundodelapolitica.com\/v1\/?p=25615"},"modified":"2022-09-26T10:35:28","modified_gmt":"2022-09-26T14:35:28","slug":"paga-rd22-millones-gobierno-a-colonos-azucareros-a-traves-cea","status":"publish","type":"post","link":"https:\/\/elmundodelapolitica.com\/v1\/paga-rd22-millones-gobierno-a-colonos-azucareros-a-traves-cea\/","title":{"rendered":"Paga RD$22 millones Gobierno a Colonos Azucareros a trav\u00e9s CEA"},"content":{"rendered":"\n<p><strong>San Pedro de Macor\u00eds<\/strong>. &#8211; El director de Bienes Nacionales y honor\u00edfico del Consejo Estatal del Az\u00facar (CEA), <strong>Rafael A. Burgos G\u00f3mez<\/strong>, resalt\u00f3 el gran inter\u00e9s que tiene el presidente Luis Abinader de rescatar la industria azucarera que representa el ingenio Porvenir en San Pedro de Macor\u00eds y el pa\u00eds.<\/p>\n\n\n\n<p>&nbsp;\u201cHemos llegado a la direcci\u00f3n de estas dos instituciones con la expresa y estrictas instrucciones del presidente Luis Abinader, para seguir trabajando arduamente en el rescate total de la industria azucarera\u201d, inform\u00f3 Burgos G\u00f3mez.&nbsp;<\/p>\n\n\n\n<figure class=\"wp-block-gallery has-nested-images columns-default is-cropped wp-block-gallery-1 is-layout-flex wp-block-gallery-is-layout-flex\">\n<figure class=\"wp-block-image size-large\"><a href=\"https:\/\/elmundodelapolitica.com\/v1\/wp-content\/uploads\/2022\/08\/1.jpg\"><img decoding=\"async\" data-id=\"25616\" src=\"https:\/\/elmundodelapolitica.com\/v1\/wp-content\/uploads\/2022\/08\/1.jpg\" alt=\"\" class=\"wp-image-25616\"\/><\/a><\/figure>\n\n\n\n<figure class=\"wp-block-image size-large\"><a href=\"https:\/\/elmundodelapolitica.com\/v1\/wp-content\/uploads\/2022\/08\/2.jpg\"><img decoding=\"async\" data-id=\"25617\" src=\"https:\/\/elmundodelapolitica.com\/v1\/wp-content\/uploads\/2022\/08\/2.jpg\" alt=\"\" class=\"wp-image-25617\"\/><\/a><\/figure>\n<\/figure>\n\n\n\n<p>Solicito a todos los que se sienten comprometidos y representados en este proyecto del cambio, tener la suficiente fe y confianza con el empe\u00f1o del presidente, que es poner este ingenio al servicio de miles de familias de la regi\u00f3n y el pa\u00eds.&nbsp;<\/p>\n\n\n\n<p>Burgos G\u00f3mez hizo estas declaraciones al encabezar un acto con los integrantes de la Federaci\u00f3n de Colonos Azucareros de San Pedro de Macor\u00eds, a quienes les entreg\u00f3 un cheque por valor de RD$22,000.000.00 millones de pesos, por concepto de la finalizada zafra azucarera 2021-2022.<\/p>\n\n\n\n<p>&nbsp;El director inform\u00f3, adem\u00e1s, que \u201cluego que terminen los procesos administrativos en los pr\u00f3ximos d\u00edas se har\u00e1 efectivo el pago a los obreros y trabajadores del ingenio, que con tanto esmero y sacrificios han entregado sus vidas por mantener en producci\u00f3n los campos ca\u00f1eros\u201d.<\/p>\n\n\n\n<p>&nbsp;Asegur\u00f3 que con el esfuerzo de todos seguiremos recuperando la productividad de este ingenio, hasta ponerlo a nivel de pa\u00edses como China, Brasil y Estados Unidos.&nbsp;<\/p>\n\n\n\n<p>Estos fondos fueron recibidos por el <strong>ingeniero Aurelio Santana<\/strong> en representaci\u00f3n de la Federaci\u00f3n Dominicana de Colonos Azucareros (FEDOCA), quien dio las gracias y reconoci\u00f3 el cumplimiento del Gobierno para el rescate del sector ca\u00f1ero.&nbsp;<\/p>\n\n\n\n<p>En tanto, el administrador del ingenio, <strong>Miguel A. Herrera de la Cruz<\/strong>, expres\u00f3 que \u201cnuestra meta es llevar al ingenio Porvenir a moler 500,000 toneladas de ca\u00f1a y producir 50 mil toneladas de az\u00facar, con un rendimiento de un 10% y un tiempo perdido de un 20%\".&nbsp;<\/p>\n\n\n\n<p>Previo al acto, el director ejecutivo sostuvo un encuentro con los colonos, t\u00e9cnicos y representantes del sector ca\u00f1ero de la regi\u00f3n, donde recibi\u00f3 un informe detallado de la situaci\u00f3n actual del ingenio Porvenir.<\/p>\n\n\n\n<p>Finalmente, se traslad\u00f3 al abandonado ingenio Consuelo, donde realiz\u00f3 un recorrido junto a las autoridades de la provincia y funcionarios del CEA, para palpar la realidad en la que se encuentran estas instalaciones.&nbsp;<\/p>\n\n\n\n<p>En la actividad estuvieron presentes, Aracelis Villanueva, gobernadora provincial, Nelson Arroyo, presidente del Consejo Directivo del Instituto Dominicano de las Telecomunicaciones (INDOTEL) y Luis G\u00f3mez, diputado por el congreso.<\/p>\n\n\n\n<p>&nbsp;Por el CEA, Bienvenido D`Oleo Moreta, director de preservaci\u00f3n y recuperaci\u00f3n, H\u00e9ctor Ricart, director administrativo, y Luis Catano, Operaciones Azucareras, Manuel de Jes\u00fas Marte (Milito), subdirector ejecutivo, Cecilio Del Villar, director financiero, entre otras personalidades.<\/p>\n","protected":false},"excerpt":{"rendered":"<p>San Pedro de Macor\u00eds. &#8211; El director de Bienes Nacionales y honor\u00edfico del Consejo Estatal del Az\u00facar (CEA), Rafael A. Burgos G\u00f3mez, resalt\u00f3 el gran inter\u00e9s que tiene el presidente&hellip; <\/p>\n","protected":false},"author":2,"featured_media":85,"comment_status":"closed","ping_status":"open","sticky":false,"template":"","format":"standard","meta":{"fifu_image_url":"","fifu_image_alt":"","footnotes":""},"categories":[24],"tags":[],"class_list":["post-84","post","type-post","status-publish","format-standard","has-post-thumbnail","hentry","category-finanzas"],"_links":{"self":[{"href":"https:\/\/elmundodelapolitica.com\/v1\/wp-json\/wp\/v2\/posts\/84","targetHints":{"allow":["GET"]}}],"collection":[{"href":"https:\/\/elmundodelapolitica.com\/v1\/wp-json\/wp\/v2\/posts"}],"about":[{"href":"https:\/\/elmundodelapolitica.com\/v1\/wp-json\/wp\/v2\/types\/post"}],"author":[{"embeddable":true,"href":"https:\/\/elmundodelapolitica.com\/v1\/wp-json\/wp\/v2\/users\/2"}],"replies":[{"embeddable":true,"href":"https:\/\/elmundodelapolitica.com\/v1\/wp-json\/wp\/v2\/comments?post=84"}],"version-history":[{"count":1,"href":"https:\/\/elmundodelapolitica.com\/v1\/wp-json\/wp\/v2\/posts\/84\/revisions"}],"predecessor-version":[{"id":421,"href":"https:\/\/elmundodelapolitica.com\/v1\/wp-json\/wp\/v2\/posts\/84\/revisions\/421"}],"wp:featuredmedia":[{"embeddable":true,"href":"https:\/\/elmundodelapolitica.com\/v1\/wp-json\/wp\/v2\/media\/85"}],"wp:attachment":[{"href":"https:\/\/elmundodelapolitica.com\/v1\/wp-json\/wp\/v2\/media?parent=84"}],"wp:term":[{"taxonomy":"category","embeddable":true,"href":"https:\/\/elmundodelapolitica.com\/v1\/wp-json\/wp\/v2\/categories?post=84"},{"taxonomy":"post_tag","embeddable":true,"href":"https:\/\/elmundodelapolitica.com\/v1\/wp-json\/wp\/v2\/tags?post=84"}],"curies":[{"name":"wp","href":"https:\/\/api.w.org\/{rel}","templated":true}]}}