{"id":828,"date":"2022-10-20T18:33:35","date_gmt":"2022-10-20T22:33:35","guid":{"rendered":"https:\/\/elmundodelapolitica.com\/v1\/?p=828"},"modified":"2022-10-20T18:33:38","modified_gmt":"2022-10-20T22:33:38","slug":"paliza-y-carolina-juramentan-cientos-de-dirigentes-en-pedernales-puerto-plata-y-santo-domingo-oeste-que-pasan-al-prm","status":"publish","type":"post","link":"https:\/\/elmundodelapolitica.com\/v1\/paliza-y-carolina-juramentan-cientos-de-dirigentes-en-pedernales-puerto-plata-y-santo-domingo-oeste-que-pasan-al-prm\/","title":{"rendered":"Paliza y Carolina juramentan cientos de dirigentes en Pedernales, Puerto Plata y Santo Domingo Oeste que pasan al PRM"},"content":{"rendered":"\n<p><strong>Santo Domingo.-&nbsp;<\/strong>El Partido Revolucionario Moderno (PRM) mantiene su activismo con las juramentaciones de cientos de nuevos miembros, contacto con su militancia y organizando sus estructuras pol\u00edticas en todo el pa\u00eds.<\/p>\n\n\n\n<p>Este domingo en Oviedo, Pedernales, el presidente del PRM, Jos\u00e9 Ignacio Paliza, jurament\u00f3 al alcalde Ram\u00f3n P\u00e9rez; el director de la Junta Distrital Jos\u00e9 Francisco Pe\u00f1a G\u00f3mez, C\u00e9sar Peralta y junto a ellos, regidores, vocales y miembros de sus equipos, quienes abandonan el Partido de la Liberaci\u00f3n Dominicana (PLD) y pasan a las filas del partido oficialista.<\/p>\n\n\n\n<figure class=\"wp-block-image\"><img decoding=\"async\" src=\"https:\/\/i0.wp.com\/prm.org.do\/wp-content\/uploads\/2022\/10\/PRM1.jpg?resize=1024%2C682&amp;ssl=1\" alt=\"\" class=\"wp-image-33789\"\/><\/figure>\n\n\n\n<p>En tanto qu\u00e9, en Luperon, Puerto Plata, ayer jurament\u00f3 al alcalde de ese municipio, Douglas Pichardo, quien abandon\u00f3 el Partido de la Liberaci\u00f3n Dominicana (PLD) junto a su equipo pol\u00edtico y cientos de dirigentes.&nbsp;<\/p>\n\n\n\n<p>El acto se desarroll\u00f3 en un espacio abierto ubicado en el coraz\u00f3n del Municipio Luperon, provincia Puerto Plata.&nbsp;<\/p>\n\n\n\n<p>&nbsp;\u201cEl cambio es hacer m\u00e1s con menos y es entender que el Estado no nos pertenece, el cambio tiene sus resistencias. Aquellos que quieren hacer y consolidar lo que hemos venido haciendo le decimos, no miren para atr\u00e1s, seguimos con m\u00e1s determinaci\u00f3n\u201d, dijo Paliza.&nbsp;<\/p>\n\n\n\n<p>De igual modo, expres\u00f3 que con trabajo y pasi\u00f3n convertir\u00e1n al presidente Luis Abinader en el m\u00e1s formidable que ha pasado por Am\u00e9rica Latina.&nbsp;<\/p>\n\n\n\n<p>De su lado, el alcalde Douglas Pichardo al ser juramentado expres\u00f3 lo siguiente: \u201cCu\u00e1nta alegr\u00eda siento al poder llamarlos compa\u00f1eras y compa\u00f1eros del Partido Revolucionario Moderno (PRM). Para los que hoy decidimos ingresar a estas filas de este partido, queremos decirle que no llegamos a pelear por ning\u00fan puesto, venimos a trabajar en unidad para transformar la Rep\u00fablica Dominicana y el municipio de Luperon, el futuro del PRM es muy promisorio no me quiero perder esta oportunidad\u201d, se\u00f1al\u00f3 Pichardo.&nbsp;<\/p>\n\n\n\n<h2 class=\"wp-block-heading\"><strong>INTERVENCI\u00d3N DE ALGUNAS AUTORIDADE<\/strong>S<\/h2>\n\n\n\n<p>La senadora por esta provincia, Ginette Bournigar durante su intervenci\u00f3n manifest\u00f3: \u201cPara mi Douglas Pichardo nunca se fue del PRM, hoy es un d\u00eda de regocijo. En este partido no queremos ruido, queremos mucho amor, debemos llevarnos bien y estar unidos, tenemos que quedarnos con la gente que nos conviene y la gente que nos da puntos por eso este gobierno debemos cuidarlo\u201d, dijo Bournigal.<\/p>\n\n\n\n<p>En ese mismo orden, el presidente del PRM por esta provincia, Igor Rodr\u00edguez: \u201cEsta casa que es de la democracia, tiene un espacio para ustedes, son ustedes y somos nosotros los que defendemos los votos, aqu\u00ed esta la guardia de la reelecci\u00f3n del presidente Abinader\u201d, dijo.&nbsp;<\/p>\n\n\n\n<p>Por otro lado, el dirigente nacional y miembro de la direcci\u00f3n ejecutiva del PRM, Wellington Arnaud, sostuvo que todo el pueblo de Luperon est\u00e1 contento porque hoy reciben un hermano.<\/p>\n\n\n\n<p>\u00abEl hijo bueno a su casa vuelve, Douglas esta es tu casa\u00bb, expres\u00f3 Arnaud.&nbsp;<\/p>\n\n\n\n<p>As\u00ed mismo, Andr\u00e9s Cueto, presidente del PRM en Santiago, puntualiz\u00f3 que \u00aben ese partido no hay vuelta atr\u00e1s y todo el que se quiera subir a la ola del cambio es bien recibido\u00bb.<\/p>\n\n\n\n<p>Mientras que las palabras de bienvenida estuvieron a cargo de Adalberto (Cley) Brito, exalcalde de Luperon y presidente de la comisi\u00f3n municipal, quien resalt\u00f3 las cualidades de Paliza y la formidable labor que est\u00e1 haciendo el presidente Luis Abinader.&nbsp;<\/p>\n\n\n\n<p>En la actividad estuvieron presentes los dirigentes nacionales: el regidor Jonathan Tavares; la gobernadora, Claridad Rochett; el diputado, Juan Medina; el alcalde del municipio Los Hidalgos Radhamez Rodr\u00edguez, el diputado Emil Dur\u00e1n, entre otras importantes autoridades.&nbsp;<\/p>\n\n\n\n<h2 class=\"wp-block-heading\">M\u00c1S JURAMENTACIONES EN EL PRM<\/h2>\n\n\n\n<p><br>En Santo Domingo Oeste, la secretaria general del PRM Carolina Mej\u00eda, jurament\u00f3 a la ex candidata a diputada Ana Luisa Lora, quien abandon\u00f3 el Partido de la Liberaci\u00f3n Dominicana (PLD) para unirse al PRM.<\/p>\n\n\n\n<p>Mej\u00eda enfatiz\u00f3: El PRM es una familia, somos gente buena y trabajadora, gente que sabe cu\u00e1l es la situaci\u00f3n y las dificultades que tenemos pero tenemos el coraz\u00f3n puesto en la gente, en mejorar su condici\u00f3n de vida. Hoy le damos la bienvenida a usted, doctora Ana Luisa,&nbsp; junto a todo su equipo.&nbsp;<\/p>\n\n\n\n<p>Lora, al ser juramentada como miembro del PRM dijo que trabajar\u00e1 sin descanso y tienen el compromiso de salir a las calles a buscar votos para asegurar la victoria en 2024.&nbsp;<\/p>\n\n\n\n<p>En el acto estuvieron presentes: el presidente provincial, Francisco Campusano; el Diputado Luis S\u00e1nchez; El Alcalde de SDO, Jos\u00e9 Andujar; la Diputada Leyvi Bautista; el Diputado Ignacio Aracena; al presidente del consejo de regidores, Indhira de Jes\u00fas; la secretaria nacional de crecimiento, Scarlet Benzan; el vicepresidente municipal, Isidro Santos, entre otros importantes dirigentes.&nbsp;<\/p>\n\n\n\n<h2 class=\"wp-block-heading\">REUNIONES DE TRABAJO PRM<\/h2>\n\n\n\n<p>En tanto, en la provincia Azua de Compostela, el vicepresidente nacional y coordinador de la presidencia del PRM, Eddy De Jes\u00fas Olivares, continu\u00f3 desarrollando este fin de semana la agenda de trabajo partidaria y se reuni\u00f3 con los directivos provinciales, municipales y distritales de las provincias; Azua de Compostela, San Juan, Elias Pi\u00f1a y San Jos\u00e9 de Ocoa.<\/p>\n\n\n\n<h2 class=\"wp-block-heading\">LAS REUNIONES SE REALIZARON EN EL HOTEL EL MES\u00d3N SUIZO DE ESTA PROVINCIA.&nbsp;<\/h2>\n\n\n\n<p>Olivares puntualiz\u00f3: \u201cEstas reuniones se est\u00e1n haciendo para mantener un contacto y acercamiento directo con los dirigentes de nuestra base\u201d, dijo Olivares&nbsp;<\/p>\n\n\n\n<p>De su lado, Lia D\u00edaz, segunda Subsecretaria del PRM y senadora por esta provincia, dijo que dentro de poco el partido estar\u00e1 inmerso en un proceso electoral por lo que se debe orientar y capacitar a los dirigentes para salir victoriosos en los pr\u00f3ximos comicios.&nbsp;<\/p>\n\n\n\n<p>Estos encuentros se dividieron en dos bloques por d\u00eda, debido a&nbsp; la gran cantidad de dirigentes que asistieron.&nbsp;<\/p>\n\n\n\n<p>Adem\u00e1s de Olivares, las dos reuniones&nbsp; del viernes estuvieron encabezados por Tomas Kelli, delegado t\u00e9cnico suplente ante la JCE; Lia D\u00edaz, segunda Subsecretaria del PRM y senadora por esta provincia y Julio Augusto Ram\u00edrez, presidente municipal de Azua, entre otras importantes autoridades.&nbsp;<\/p>\n\n\n\n<p>El s\u00e1bado Olivares estuvo acompa\u00f1ado por; Sigmund Freund, delegado pol\u00edtico ante la Junta Central Electoral; Dionisio de Los Santos, director ejecutivo de la Comisi\u00f3n Nacional de Elecciones Internas (CNEI); Lourdes Herrera, miembro de la direcci\u00f3n ejecutiva; Eddy Arango, miembro de la CNEI; Pedro Quezada, delegado t\u00e9cnico ante la JCE y Tomas Kelly, delegado t\u00e9cnico suplente ante la JCE.&nbsp;<\/p>\n\n\n\n<p>Se recuerda que la semana pasada el vicepresidente del PRM y coordinador de la presidencia estuvo reunido con los delegados y suplentes de las juntas electorales de las provincias San Cristobal Peravia, Barahona y San Jos\u00e9 de Ocoa.&nbsp;<\/p>\n","protected":false},"excerpt":{"rendered":"<p>Santo Domingo.-&nbsp;El Partido Revolucionario Moderno (PRM) mantiene su activismo con las juramentaciones de cientos de nuevos miembros, contacto con su militancia y organizando sus estructuras pol\u00edticas en todo el pa\u00eds.&hellip; <\/p>\n","protected":false},"author":2,"featured_media":829,"comment_status":"open","ping_status":"open","sticky":false,"template":"","format":"standard","meta":{"fifu_image_url":"","fifu_image_alt":"","footnotes":""},"categories":[5],"tags":[],"class_list":["post-828","post","type-post","status-publish","format-standard","has-post-thumbnail","hentry","category-partidos"],"_links":{"self":[{"href":"https:\/\/elmundodelapolitica.com\/v1\/wp-json\/wp\/v2\/posts\/828","targetHints":{"allow":["GET"]}}],"collection":[{"href":"https:\/\/elmundodelapolitica.com\/v1\/wp-json\/wp\/v2\/posts"}],"about":[{"href":"https:\/\/elmundodelapolitica.com\/v1\/wp-json\/wp\/v2\/types\/post"}],"author":[{"embeddable":true,"href":"https:\/\/elmundodelapolitica.com\/v1\/wp-json\/wp\/v2\/users\/2"}],"replies":[{"embeddable":true,"href":"https:\/\/elmundodelapolitica.com\/v1\/wp-json\/wp\/v2\/comments?post=828"}],"version-history":[{"count":1,"href":"https:\/\/elmundodelapolitica.com\/v1\/wp-json\/wp\/v2\/posts\/828\/revisions"}],"predecessor-version":[{"id":830,"href":"https:\/\/elmundodelapolitica.com\/v1\/wp-json\/wp\/v2\/posts\/828\/revisions\/830"}],"wp:featuredmedia":[{"embeddable":true,"href":"https:\/\/elmundodelapolitica.com\/v1\/wp-json\/wp\/v2\/media\/829"}],"wp:attachment":[{"href":"https:\/\/elmundodelapolitica.com\/v1\/wp-json\/wp\/v2\/media?parent=828"}],"wp:term":[{"taxonomy":"category","embeddable":true,"href":"https:\/\/elmundodelapolitica.com\/v1\/wp-json\/wp\/v2\/categories?post=828"},{"taxonomy":"post_tag","embeddable":true,"href":"https:\/\/elmundodelapolitica.com\/v1\/wp-json\/wp\/v2\/tags?post=828"}],"curies":[{"name":"wp","href":"https:\/\/api.w.org\/{rel}","templated":true}]}}