{"id":825,"date":"2022-10-20T18:30:06","date_gmt":"2022-10-20T22:30:06","guid":{"rendered":"https:\/\/elmundodelapolitica.com\/v1\/?p=825"},"modified":"2022-10-20T18:30:09","modified_gmt":"2022-10-20T22:30:09","slug":"gobierno-implementa-programas-sin-precedentes-para-garantizar-calidad-educativa","status":"publish","type":"post","link":"https:\/\/elmundodelapolitica.com\/v1\/gobierno-implementa-programas-sin-precedentes-para-garantizar-calidad-educativa\/","title":{"rendered":"Gobierno implementa programas sin precedentes para garantizar calidad educativa"},"content":{"rendered":"\n<p>Santo Domingo.- Como parte de las acciones para garantizar la&nbsp;<strong>calidad educativa<\/strong>&nbsp;del pa\u00eds, el&nbsp;<strong>Presidente Luis Abinader<\/strong>&nbsp;lanz\u00f3 hoy un programa sin precedentes mediante el cual se incluir\u00e1 la inducci\u00f3n de<strong>&nbsp;nuevos docentes<\/strong>, se ampliar\u00e1 la&nbsp;<strong>cobertura&nbsp;<\/strong>de la educaci\u00f3n p\u00fablica, instalar\u00e1n&nbsp;<strong>nuevas aulas<\/strong>, equipar\u00e1n&nbsp;<strong>polit\u00e9cnicos<\/strong>, se fortalecer\u00e1n las&nbsp;<strong>competencias<\/strong>&nbsp;de los estudiantes y se financiar\u00e1n&nbsp;<strong>viviendas para los profesores<\/strong>.<\/p>\n\n\n\n<p>Durante el acto, el mandatario asegur\u00f3 que el Gobierno contin\u00faa trabajando en la direcci\u00f3n de&nbsp;<strong>eficientizar el gasto p\u00fablico en educaci\u00f3n.<\/strong><\/p>\n\n\n\n<p>Anunci\u00f3 la transferencia para los distritos y directores de centros de unos&nbsp;<strong>3,400 millones de pesos&nbsp;<\/strong>para 2,159 planteles escolares en 122 distritos, lo que ayudar\u00e1 con la&nbsp;<strong>descentralizaci\u00f3n y mejor ejecuci\u00f3n del gasto.<\/strong><\/p>\n\n\n\n<p>Dijo que esto significa que los directores de centros y de distritos podr\u00e1n identificar los problemas en cada una de sus escuelas y liceos para&nbsp;<strong>localmente arreglar cualquier situaci\u00f3n<\/strong>&nbsp;que se presente o que afecte el buen desenvolvimiento de cada de una de esas infraestructuras.<\/p>\n\n\n\n<figure class=\"wp-block-image\"><img decoding=\"async\" src=\"https:\/\/presidencia.gob.do\/sites\/default\/files\/content\/WhatsApp%20Image%202022-10-19%20at%201.35.01%20PM%20%281%29.jpeg\" alt=\"\"\/><\/figure>\n\n\n\n<p>El gobernante, acompa\u00f1ado de la&nbsp;<strong>Vicepresidenta Raquel Pe\u00f1a,&nbsp;<\/strong>del Ministro de la Presidencia,&nbsp;<strong>Joel Santos<\/strong>, y el de Educaci\u00f3n,&nbsp;<strong>\u00c1ngel Hern\u00e1ndez<\/strong>, anunci\u00f3 adem\u00e1s la&nbsp;<strong>inducci\u00f3n<\/strong>&nbsp;para los nuevos docentes, lo que implica&nbsp;<strong>entrenamiento y educaci\u00f3n continua durante un a\u00f1o.<\/strong><\/p>\n\n\n\n<p><em>\u201cPara que ustedes tengan una idea, esto se hab\u00eda realizado en el 2016 a unos 3,000 docentes y esto lo vamos a hacer ahora para 24,300 docentes y para 858 directores de nuevo ingreso, una educaci\u00f3n continua por un a\u00f1o. Al final se le va a hacer una evaluaci\u00f3n y si no cumple con la evaluaci\u00f3n pues entonces ser\u00e1 sustituido, como tambi\u00e9n ha sido aclarado, y est\u00e1 tambi\u00e9n en los reglamentos del Ministerio<\/em>\u201d, expres\u00f3 Abinader.<\/p>\n\n\n\n<p>Indic\u00f3 que este programa, que va a contribuir significativamente con la calidad de la educaci\u00f3n, tiene un presupuesto de&nbsp;<strong>816 millones de pesos.<\/strong><\/p>\n\n\n\n<p><strong>Programa Vivienda Feliz para los profesores<\/strong><\/p>\n\n\n\n<p>El jefe de Estado comunic\u00f3 igualmente que se iniciar\u00e1 el programa&nbsp;<strong>Vivienda Feliz para los profesores<\/strong>, donde en una primera etapa podr\u00e1n beneficiarse al menos 1,000 docentes.<\/p>\n\n\n\n<p>El Presidente Abinader agreg\u00f3 que con esta iniciativa del Gobierno aquellos profesores que no tengan vivienda y&nbsp;<strong>cumplan los requerimientos de Familia Feliz podr\u00e1n financiarlas.<\/strong><\/p>\n\n\n\n<p><em>\u201cEsto tambi\u00e9n, por supuesto, ayuda a todo un buen ambiente entre nuestros queridos profesores y profesoras que van a tener acceso al igual que lo tienen en otras instituciones, pero con la ayuda financiera del Ministerio de Educaci\u00f3n\u201d<\/em>, precis\u00f3.<\/p>\n\n\n\n<p>Asimismo, inform\u00f3 que, como fue anunciado el pasado 16 de agosto en Santiago de los Caballeros, ya est\u00e1 en proceso de ejecuci\u00f3n el inicio de la&nbsp;<strong>licitaci\u00f3n de m\u00e1s de 1, 000 m\u00f3dulos de 3 aulas cada uno para la educaci\u00f3n inicial de entre 3 y 5 a\u00f1os.<\/strong><\/p>\n\n\n\n<p><em>\u201cEsto se va a licitar: 1,017 aulas nuevas que se deben estar presentando en noviembre del 2022. La segunda fase consta de unas 900 aulas nuevas y la tercera fase de 1,083 aulas nuevas\u201d<\/em>, dijo.<\/p>\n\n\n\n<p>El Presidente Abinader indic\u00f3 que la primera etapa significar\u00eda que se podr\u00eda estar recibiendo a&nbsp;<strong>75,000 y ni\u00f1as de 3 a 5 a\u00f1os,<\/strong>&nbsp;lo que se traduce en m\u00e1s del doble de la cantidad de ni\u00f1os que hoy se est\u00e1n atendiendo, que son unos 48,000,&nbsp;<strong>a trav\u00e9s del INAIPI<\/strong>, un programa que va a ir incrementando a trav\u00e9s de los a\u00f1os.<\/p>\n\n\n\n<p><em>\u201cEste programa tiene una inversi\u00f3n, con esta construcci\u00f3n de nuevas aulas en un m\u00f3dulo de 3 aulas preparado para la educaci\u00f3n inicial, de 11,000 millones de pesos que se va a realizar entre el presupuesto de este a\u00f1o y el presupuesto del pr\u00f3ximo a\u00f1o\u201d,<\/em>&nbsp;revel\u00f3.<\/p>\n\n\n\n<p>Enfatiz\u00f3 que esto ayudar\u00e1 con la&nbsp;<strong>alfabetizaci\u00f3n temprana<\/strong>, un gran reto que tiene la educaci\u00f3n dominicana, de tal manera que se pueda ejecutar con los ni\u00f1os y ni\u00f1as a partir de los 3 a\u00f1os de edad.<\/p>\n\n\n\n<p>Otro programa anunciado y que est\u00e1n implementando, se\u00f1al\u00f3, son los&nbsp;<strong>38 nuevos polit\u00e9cnicos<\/strong>&nbsp;que ya est\u00e1n en proceso de inicio y adem\u00e1s el&nbsp;<strong>reequipamiento y modernizaci\u00f3n de otros 270&nbsp;<\/strong>existentes con una licitaci\u00f3n de m\u00e1s de&nbsp;<strong>5,000 millones de pesos.<\/strong><\/p>\n\n\n\n<p>El mandatario indic\u00f3 que con la ayuda de los rectores de universidades, en una evaluaci\u00f3n se determinaron las condiciones en las que se encontraban los polit\u00e9cnicos, y aclar\u00f3 que&nbsp;<strong>algunos funcionan bastante bien, pero hay otros que realmente de polit\u00e9cnico tienen un poco m\u00e1s que el nombre.<\/strong><\/p>\n\n\n\n<p>Dijo que en lo adelante ser\u00e1n&nbsp;<strong>verdaderos polit\u00e9cnicos&nbsp;<\/strong>y tendr\u00e1n los equipos que realmente necesitan.<\/p>\n\n\n\n<p>Agreg\u00f3 que ya se adjudic\u00f3 la construcci\u00f3n de&nbsp;<strong>168 canchas techadas<\/strong>&nbsp;en todo el pa\u00eds, para que sean convertidas en&nbsp;<strong>multiusos<\/strong>&nbsp;que den cabida a las diferentes actividades de la comunidad escolar y tambi\u00e9n de la poblaci\u00f3n en general.<\/p>\n\n\n\n<p>El gobernante expres\u00f3 que con estos programas, que se est\u00e1n ejecutando con una inversi\u00f3n de&nbsp;<strong>4,133 millones de pesos, la educaci\u00f3n dominicana empezar\u00e1 a cambiar.<\/strong><\/p>\n\n\n\n<p>Adem\u00e1s, valor\u00f3 el&nbsp;<strong>inter\u00e9s de los sectores sociales y la comunidad educativa<\/strong>&nbsp;en la discusi\u00f3n para tener una educaci\u00f3n de calidad en el pa\u00eds.<\/p>\n\n\n\n<p><em>\u201cQue nos den todas sus sugerencias, sus aportes, sus ideas, sus cr\u00edticas tambi\u00e9n para nosotros tener lo que es una responsabilidad, si bien primaria del Gobierno y el Ministerio Educaci\u00f3n, una responsabilidad de todos en una educaci\u00f3n de calidad y que trabajemos todos en esa direcci\u00f3n para tener el verdadero cambio en la educaci\u00f3n\u201d, expres\u00f3.<\/em><\/p>\n\n\n\n<p><strong>Eficiencia en el gasto<\/strong><\/p>\n\n\n\n<p>De su lado, el&nbsp;<strong>Ministro de Educaci\u00f3n, \u00c1ngel Hern\u00e1ndez<\/strong>, indic\u00f3 que la instituci\u00f3n que dirige est\u00e1 en un proceso de&nbsp;<strong>reestructuraci\u00f3n administrativa<\/strong>&nbsp;tratando de lograr mayores programas de&nbsp;<strong>eficiencia en el gasto.<\/strong><\/p>\n\n\n\n<p>Hern\u00e1ndez manifest\u00f3 que se est\u00e1 trabajando en lo fundamental que es el&nbsp;<strong>aprendizaje de ni\u00f1os, ni\u00f1as y adolescentes.<\/strong><\/p>\n\n\n\n<p><em>\u201cYo he venido diciendo desde el primer d\u00eda que lo que es fundamental es que los ni\u00f1os, ni\u00f1as y adolescentes aprendan y en tal virtud todos los trabajos que hemos estado desarrollando en el Ministerio van en esa direcci\u00f3n y, obvio, es un trabajo que no se puede hacer solo\u201d,<\/em>&nbsp;dijo.<\/p>\n\n\n\n<p>Adem\u00e1s, expres\u00f3 su agradecimiento a todas las organizaciones que tienen que ver con la educaci\u00f3n por&nbsp;<strong>incorporarse al proceso de gesti\u00f3n del Ministerio de Educaci\u00f3n.<\/strong><\/p>\n\n\n\n<p>Agreg\u00f3 que la sociedad en sentido general ha dado un&nbsp;<strong>buen respaldo<\/strong>&nbsp;para hacer las transformaciones que necesita el Ministerio de Educaci\u00f3n, en busca de garantizar una educaci\u00f3n de calidad.<\/p>\n\n\n\n<p>Durante el acto, fue firmado un acuerdo entre el&nbsp;<strong>Ministerio de Educaci\u00f3n y Fonvivienda<\/strong>, rubricado por el Ministro de la Presidencia, Joel Santos, y el de Educaci\u00f3n, \u00c1ngel Hern\u00e1ndez.<\/p>\n","protected":false},"excerpt":{"rendered":"<p>Santo Domingo.- Como parte de las acciones para garantizar la&nbsp;calidad educativa&nbsp;del pa\u00eds, el&nbsp;Presidente Luis Abinader&nbsp;lanz\u00f3 hoy un programa sin precedentes mediante el cual se incluir\u00e1 la inducci\u00f3n de&nbsp;nuevos docentes, se&hellip; <\/p>\n","protected":false},"author":2,"featured_media":826,"comment_status":"open","ping_status":"open","sticky":false,"template":"","format":"standard","meta":{"fifu_image_url":"","fifu_image_alt":"","footnotes":""},"categories":[53],"tags":[],"class_list":["post-825","post","type-post","status-publish","format-standard","has-post-thumbnail","hentry","category-gobierno"],"_links":{"self":[{"href":"https:\/\/elmundodelapolitica.com\/v1\/wp-json\/wp\/v2\/posts\/825","targetHints":{"allow":["GET"]}}],"collection":[{"href":"https:\/\/elmundodelapolitica.com\/v1\/wp-json\/wp\/v2\/posts"}],"about":[{"href":"https:\/\/elmundodelapolitica.com\/v1\/wp-json\/wp\/v2\/types\/post"}],"author":[{"embeddable":true,"href":"https:\/\/elmundodelapolitica.com\/v1\/wp-json\/wp\/v2\/users\/2"}],"replies":[{"embeddable":true,"href":"https:\/\/elmundodelapolitica.com\/v1\/wp-json\/wp\/v2\/comments?post=825"}],"version-history":[{"count":1,"href":"https:\/\/elmundodelapolitica.com\/v1\/wp-json\/wp\/v2\/posts\/825\/revisions"}],"predecessor-version":[{"id":827,"href":"https:\/\/elmundodelapolitica.com\/v1\/wp-json\/wp\/v2\/posts\/825\/revisions\/827"}],"wp:featuredmedia":[{"embeddable":true,"href":"https:\/\/elmundodelapolitica.com\/v1\/wp-json\/wp\/v2\/media\/826"}],"wp:attachment":[{"href":"https:\/\/elmundodelapolitica.com\/v1\/wp-json\/wp\/v2\/media?parent=825"}],"wp:term":[{"taxonomy":"category","embeddable":true,"href":"https:\/\/elmundodelapolitica.com\/v1\/wp-json\/wp\/v2\/categories?post=825"},{"taxonomy":"post_tag","embeddable":true,"href":"https:\/\/elmundodelapolitica.com\/v1\/wp-json\/wp\/v2\/tags?post=825"}],"curies":[{"name":"wp","href":"https:\/\/api.w.org\/{rel}","templated":true}]}}