{"id":8177,"date":"2026-05-01T03:04:49","date_gmt":"2026-05-01T07:04:49","guid":{"rendered":"https:\/\/elmundodelapolitica.com\/v1\/hipolito-aboga-porque-se-permita-realizar-estudios-tecnicos-para-proyecto-minero-en-san-juan\/"},"modified":"2026-05-01T03:04:49","modified_gmt":"2026-05-01T07:04:49","slug":"hipolito-aboga-porque-se-permita-realizar-estudios-tecnicos-para-proyecto-minero-en-san-juan","status":"publish","type":"post","link":"https:\/\/elmundodelapolitica.com\/v1\/hipolito-aboga-porque-se-permita-realizar-estudios-tecnicos-para-proyecto-minero-en-san-juan\/","title":{"rendered":"Hip\u00f3lito aboga porque se permita realizar estudios t\u00e9cnicos para proyecto minero en San Juan"},"content":{"rendered":"<div>San Juan.- El expresidente de la Rep\u00fablica, Hip\u00f3lito Mej\u00eda, defendi\u00f3 este jueves que el desarrollo del proyecto minero Romero se decida mediante estudios t\u00e9cnicos, asegurando que la miner\u00eda es compatible con la agricultura y otras actividades econ\u00f3micas. Durante una visita a esta provincia, Mej\u00eda enfatiz\u00f3 que las decisiones sobre recursos naturales no deben estar influenciadas [\u2026]<\/div>\n","protected":false},"excerpt":{"rendered":"<p>San Juan.- El expresidente de la Rep\u00fablica, Hip\u00f3lito Mej\u00eda, defendi\u00f3 este jueves que el desarrollo del proyecto minero Romero se decida mediante estudios t\u00e9cnicos, asegurando que la miner\u00eda es compatible&hellip; <\/p>\n","protected":false},"author":1,"featured_media":0,"comment_status":"closed","ping_status":"closed","sticky":false,"template":"","format":"standard","meta":{"fifu_image_url":"","fifu_image_alt":"","footnotes":""},"categories":[17],"tags":[],"class_list":["post-8177","post","type-post","status-publish","format-standard","hentry","category-politica"],"_links":{"self":[{"href":"https:\/\/elmundodelapolitica.com\/v1\/wp-json\/wp\/v2\/posts\/8177","targetHints":{"allow":["GET"]}}],"collection":[{"href":"https:\/\/elmundodelapolitica.com\/v1\/wp-json\/wp\/v2\/posts"}],"about":[{"href":"https:\/\/elmundodelapolitica.com\/v1\/wp-json\/wp\/v2\/types\/post"}],"author":[{"embeddable":true,"href":"https:\/\/elmundodelapolitica.com\/v1\/wp-json\/wp\/v2\/users\/1"}],"replies":[{"embeddable":true,"href":"https:\/\/elmundodelapolitica.com\/v1\/wp-json\/wp\/v2\/comments?post=8177"}],"version-history":[{"count":0,"href":"https:\/\/elmundodelapolitica.com\/v1\/wp-json\/wp\/v2\/posts\/8177\/revisions"}],"wp:attachment":[{"href":"https:\/\/elmundodelapolitica.com\/v1\/wp-json\/wp\/v2\/media?parent=8177"}],"wp:term":[{"taxonomy":"category","embeddable":true,"href":"https:\/\/elmundodelapolitica.com\/v1\/wp-json\/wp\/v2\/categories?post=8177"},{"taxonomy":"post_tag","embeddable":true,"href":"https:\/\/elmundodelapolitica.com\/v1\/wp-json\/wp\/v2\/tags?post=8177"}],"curies":[{"name":"wp","href":"https:\/\/api.w.org\/{rel}","templated":true}]}}