{"id":8153,"date":"2026-04-29T03:03:18","date_gmt":"2026-04-29T07:03:18","guid":{"rendered":"https:\/\/elmundodelapolitica.com\/v1\/antonio-marte-propone-al-gobierno-usar-fondos-asignados-por-la-jce-para-enfrentar-la-crisis-economica\/"},"modified":"2026-04-30T12:06:58","modified_gmt":"2026-04-30T16:06:58","slug":"antonio-marte-propone-al-gobierno-usar-fondos-asignados-por-la-jce-para-enfrentar-la-crisis-economica","status":"publish","type":"post","link":"https:\/\/elmundodelapolitica.com\/v1\/antonio-marte-propone-al-gobierno-usar-fondos-asignados-por-la-jce-para-enfrentar-la-crisis-economica\/","title":{"rendered":"Antonio Marte propone al Gobierno usar fondos asignados por la JCE para enfrentar la crisis econ\u00f3mica"},"content":{"rendered":"\n<p><strong>Santo Domingo, Rep\u00fablica Dominicana<\/strong>. \u2013 El senador y presidente del Partido Primero la Gente, Antonio Marte, propuso este mi\u00e9rcoles la retenci\u00f3n temporal de los recursos que entrega la Junta Central Electoral (JCE) a los partidos pol\u00edticos, con el objetivo de contribuir a enfrentar la crisis econ\u00f3mica producto del conflicto b\u00e9lico en Medio Oriente.<\/p>\n\n\n\n<p>Como una forma de ayudar a la poblaci\u00f3n y al Gobierno, el senador\u00a0Antonio Marte\u00a0sugiere que esos fondos se utilicen por un periodo para proteger a la poblaci\u00f3n.<\/p>\n\n\n\n<blockquote class=\"wp-block-quote is-layout-flow wp-block-quote-is-layout-flow\">\n<p><em>Lo mejor que el Gobierno hace en este momento es reunirse con todos los partidos pol\u00edticos. &nbsp; Y yo te quiero decir a ti lo siguiente: si los partidos pol\u00edticos todos lleg\u00e1ramos a un entendimiento, nos pusi\u00e9ramos de acuerdo en este momento, que no se est\u00e1 gastando en pol\u00edtica, suspendi\u00e9ramos los recursos que nos entrega la Junta Central Electoral.<\/em><\/p>\n\n\n\n<p><em>Antonio Marte, senador por el Partido Primero la Gente<\/em><\/p>\n<\/blockquote>\n\n\n\n<p>De inmediato, otros senadores calificaron la propuesta como algo no viable, aunque expresaron que respetan la sugerencia de Marte.<\/p>\n\n\n\n<p>Por su parte, el senador Eduard Espiritusanto dijo:&nbsp;<em>\u201cEst\u00e1 en contra de la ley que establece que a los partidos pol\u00edticos hay que darles una partida todos los a\u00f1os para que puedan hacer pol\u00edtica; entonces la democracia dejar\u00eda de estar fuerte y eso yo no lo veo factible\u201d.<\/em><\/p>\n\n\n\n<p>&nbsp;En cuanto a las reuniones que el Gobierno ha realizado con los expresidentes de la Rep\u00fablica, para buscar, para consensuar medidas ante el impacto econ\u00f3mico de la crisis en Medio Oriente, los legisladores tienen su postura. Adem\u00e1s del sector pol\u00edtico, el&nbsp;<a href=\"https:\/\/cdn.com.do\/nacionales\/economistas-alertan-sobre-impacto-de-guerra-en-medio-oriente-y-urgen-plan-al-gobierno\/\" target=\"_blank\" rel=\"noreferrer noopener\">Gobierno&nbsp;<\/a>tambi\u00e9n se ha reunido con el gremio empresarial y social en busca de consenso para enfrentar la crisis.<\/p>\n","protected":false},"excerpt":{"rendered":"<p>Santo Domingo, Rep\u00fablica Dominicana. \u2013 El senador y presidente del Partido Primero la Gente, Antonio Marte, propuso este mi\u00e9rcoles la retenci\u00f3n temporal de los recursos que entrega la Junta Central&hellip; <\/p>\n","protected":false},"author":1,"featured_media":8168,"comment_status":"closed","ping_status":"closed","sticky":false,"template":"","format":"standard","meta":{"fifu_image_url":"https:\/\/z101digital.com\/wp-content\/uploads\/2024\/07\/whatsapp-image-2024-07-23-at-110638-am-1.jpeg","fifu_image_alt":"","footnotes":""},"categories":[17],"tags":[],"class_list":["post-8153","post","type-post","status-publish","format-standard","has-post-thumbnail","hentry","category-politica"],"_links":{"self":[{"href":"https:\/\/elmundodelapolitica.com\/v1\/wp-json\/wp\/v2\/posts\/8153","targetHints":{"allow":["GET"]}}],"collection":[{"href":"https:\/\/elmundodelapolitica.com\/v1\/wp-json\/wp\/v2\/posts"}],"about":[{"href":"https:\/\/elmundodelapolitica.com\/v1\/wp-json\/wp\/v2\/types\/post"}],"author":[{"embeddable":true,"href":"https:\/\/elmundodelapolitica.com\/v1\/wp-json\/wp\/v2\/users\/1"}],"replies":[{"embeddable":true,"href":"https:\/\/elmundodelapolitica.com\/v1\/wp-json\/wp\/v2\/comments?post=8153"}],"version-history":[{"count":1,"href":"https:\/\/elmundodelapolitica.com\/v1\/wp-json\/wp\/v2\/posts\/8153\/revisions"}],"predecessor-version":[{"id":8167,"href":"https:\/\/elmundodelapolitica.com\/v1\/wp-json\/wp\/v2\/posts\/8153\/revisions\/8167"}],"wp:featuredmedia":[{"embeddable":true,"href":"https:\/\/elmundodelapolitica.com\/v1\/wp-json\/wp\/v2\/media\/8168"}],"wp:attachment":[{"href":"https:\/\/elmundodelapolitica.com\/v1\/wp-json\/wp\/v2\/media?parent=8153"}],"wp:term":[{"taxonomy":"category","embeddable":true,"href":"https:\/\/elmundodelapolitica.com\/v1\/wp-json\/wp\/v2\/categories?post=8153"},{"taxonomy":"post_tag","embeddable":true,"href":"https:\/\/elmundodelapolitica.com\/v1\/wp-json\/wp\/v2\/tags?post=8153"}],"curies":[{"name":"wp","href":"https:\/\/api.w.org\/{rel}","templated":true}]}}