{"id":8149,"date":"2026-04-30T12:37:25","date_gmt":"2026-04-30T16:37:25","guid":{"rendered":"https:\/\/elmundodelapolitica.com\/v1\/?p=8149"},"modified":"2026-04-30T12:37:25","modified_gmt":"2026-04-30T16:37:25","slug":"prd-llama-a-abrir-paso-a-nuevos-liderazgos-y-a-manifestar-la-solidaridad-con-luchas-comunitarias","status":"publish","type":"post","link":"https:\/\/elmundodelapolitica.com\/v1\/prd-llama-a-abrir-paso-a-nuevos-liderazgos-y-a-manifestar-la-solidaridad-con-luchas-comunitarias\/","title":{"rendered":"PRD llama a abrir paso a nuevos liderazgos y a manifestar la solidaridad con luchas comunitarias"},"content":{"rendered":"<div><img loading=\"lazy\" decoding=\"async\" class=\"attachment-post-thumbnail size-post-thumbnail wp-post-image\" style=\"float: left; margin: 0 15px 15px 0;\" src=\"https:\/\/elmundodelapolitica.com\/v1\/wp-content\/uploads\/2026\/04\/WhatsApp-Image-2026-04-28-at-112215-AM.jpeg\" sizes=\"auto, (max-width: 1548px) 100vw, 1548px\" srcset=\"https:\/\/elmundodelapolitica.com\/v1\/wp-content\/uploads\/2026\/04\/WhatsApp-Image-2026-04-28-at-112215-AM.jpeg 1548w, https:\/\/proceso.com.do\/wp-content\/uploads\/2026\/04\/WhatsApp-Image-2026-04-28-at-11.22.15-AM-768x512.jpeg 768w, https:\/\/proceso.com.do\/wp-content\/uploads\/2026\/04\/WhatsApp-Image-2026-04-28-at-11.22.15-AM-1536x1024.jpeg 1536w, https:\/\/proceso.com.do\/wp-content\/uploads\/2026\/04\/WhatsApp-Image-2026-04-28-at-11.22.15-AM-338x224.jpeg 338w\" alt=\"\" width=\"1548\" height=\"1032\" \/>H\u00e9ctor Guzm\u00e1n, del PRD, destac\u00f3 la importancia de acercarse a grupos comunitarios y fomentar la participaci\u00f3n democr\u00e1tica, instando al partido a abrirse a l\u00edderes sociales para fortalecer su estructura.<\/div>\n","protected":false},"excerpt":{"rendered":"<p>H\u00e9ctor Guzm\u00e1n, del PRD, destac\u00f3 la importancia de acercarse a grupos comunitarios y fomentar la participaci\u00f3n democr\u00e1tica, instando al partido a abrirse a l\u00edderes sociales para fortalecer su estructura.<\/p>\n","protected":false},"author":1,"featured_media":8170,"comment_status":"closed","ping_status":"closed","sticky":false,"template":"","format":"standard","meta":{"fifu_image_url":"https:\/\/proceso.com.do\/wp-content\/uploads\/2026\/04\/WhatsApp-Image-2026-04-28-at-11.22.15-AM-650x400.webp","fifu_image_alt":"","footnotes":""},"categories":[12],"tags":[],"class_list":["post-8149","post","type-post","status-publish","format-standard","has-post-thumbnail","hentry","category-agenda-politica"],"_links":{"self":[{"href":"https:\/\/elmundodelapolitica.com\/v1\/wp-json\/wp\/v2\/posts\/8149","targetHints":{"allow":["GET"]}}],"collection":[{"href":"https:\/\/elmundodelapolitica.com\/v1\/wp-json\/wp\/v2\/posts"}],"about":[{"href":"https:\/\/elmundodelapolitica.com\/v1\/wp-json\/wp\/v2\/types\/post"}],"author":[{"embeddable":true,"href":"https:\/\/elmundodelapolitica.com\/v1\/wp-json\/wp\/v2\/users\/1"}],"replies":[{"embeddable":true,"href":"https:\/\/elmundodelapolitica.com\/v1\/wp-json\/wp\/v2\/comments?post=8149"}],"version-history":[{"count":1,"href":"https:\/\/elmundodelapolitica.com\/v1\/wp-json\/wp\/v2\/posts\/8149\/revisions"}],"predecessor-version":[{"id":8169,"href":"https:\/\/elmundodelapolitica.com\/v1\/wp-json\/wp\/v2\/posts\/8149\/revisions\/8169"}],"wp:featuredmedia":[{"embeddable":true,"href":"https:\/\/elmundodelapolitica.com\/v1\/wp-json\/wp\/v2\/media\/8170"}],"wp:attachment":[{"href":"https:\/\/elmundodelapolitica.com\/v1\/wp-json\/wp\/v2\/media?parent=8149"}],"wp:term":[{"taxonomy":"category","embeddable":true,"href":"https:\/\/elmundodelapolitica.com\/v1\/wp-json\/wp\/v2\/categories?post=8149"},{"taxonomy":"post_tag","embeddable":true,"href":"https:\/\/elmundodelapolitica.com\/v1\/wp-json\/wp\/v2\/tags?post=8149"}],"curies":[{"name":"wp","href":"https:\/\/api.w.org\/{rel}","templated":true}]}}