{"id":8136,"date":"2026-04-26T03:03:03","date_gmt":"2026-04-26T07:03:03","guid":{"rendered":"https:\/\/elmundodelapolitica.com\/v1\/consejo-de-regidores-de-la-capital-elige-a-giancarlo-vega-como-su-presidente\/"},"modified":"2026-04-26T03:03:03","modified_gmt":"2026-04-26T07:03:03","slug":"consejo-de-regidores-de-la-capital-elige-a-giancarlo-vega-como-su-presidente","status":"publish","type":"post","link":"https:\/\/elmundodelapolitica.com\/v1\/consejo-de-regidores-de-la-capital-elige-a-giancarlo-vega-como-su-presidente\/","title":{"rendered":"Consejo de Regidores de la capital elige a Giancarlo Vega como su presidente"},"content":{"rendered":"<div>Santo Domingo.\u2013 El Concejo de Regidores del Distrito Nacional eligi\u00f3 al abogado y acad\u00e9mico Giancarlo Vega como su nuevo presidente, apostando por la experiencia t\u00e9cnica, la formaci\u00f3n acad\u00e9mica y la capacidad de gesti\u00f3n en un momento clave para Santo Domingo. Actualmente Vega es regidor por la Circunscripci\u00f3n 1, cuenta con m\u00e1s de 18 a\u00f1os de [\u2026]<\/div>\n","protected":false},"excerpt":{"rendered":"<p>Santo Domingo.\u2013 El Concejo de Regidores del Distrito Nacional eligi\u00f3 al abogado y acad\u00e9mico Giancarlo Vega como su nuevo presidente, apostando por la experiencia t\u00e9cnica, la formaci\u00f3n acad\u00e9mica y la&hellip; <\/p>\n","protected":false},"author":1,"featured_media":0,"comment_status":"closed","ping_status":"closed","sticky":false,"template":"","format":"standard","meta":{"fifu_image_url":"","fifu_image_alt":"","footnotes":""},"categories":[17],"tags":[],"class_list":["post-8136","post","type-post","status-publish","format-standard","hentry","category-politica"],"_links":{"self":[{"href":"https:\/\/elmundodelapolitica.com\/v1\/wp-json\/wp\/v2\/posts\/8136","targetHints":{"allow":["GET"]}}],"collection":[{"href":"https:\/\/elmundodelapolitica.com\/v1\/wp-json\/wp\/v2\/posts"}],"about":[{"href":"https:\/\/elmundodelapolitica.com\/v1\/wp-json\/wp\/v2\/types\/post"}],"author":[{"embeddable":true,"href":"https:\/\/elmundodelapolitica.com\/v1\/wp-json\/wp\/v2\/users\/1"}],"replies":[{"embeddable":true,"href":"https:\/\/elmundodelapolitica.com\/v1\/wp-json\/wp\/v2\/comments?post=8136"}],"version-history":[{"count":0,"href":"https:\/\/elmundodelapolitica.com\/v1\/wp-json\/wp\/v2\/posts\/8136\/revisions"}],"wp:attachment":[{"href":"https:\/\/elmundodelapolitica.com\/v1\/wp-json\/wp\/v2\/media?parent=8136"}],"wp:term":[{"taxonomy":"category","embeddable":true,"href":"https:\/\/elmundodelapolitica.com\/v1\/wp-json\/wp\/v2\/categories?post=8136"},{"taxonomy":"post_tag","embeddable":true,"href":"https:\/\/elmundodelapolitica.com\/v1\/wp-json\/wp\/v2\/tags?post=8136"}],"curies":[{"name":"wp","href":"https:\/\/api.w.org\/{rel}","templated":true}]}}