{"id":8129,"date":"2026-04-23T03:04:58","date_gmt":"2026-04-23T07:04:58","guid":{"rendered":"https:\/\/elmundodelapolitica.com\/v1\/fuerza-del-pueblo-pide-a-la-jce-una-reunion-para-evaluar-proceso-de-cedulacion\/"},"modified":"2026-04-23T03:04:58","modified_gmt":"2026-04-23T07:04:58","slug":"fuerza-del-pueblo-pide-a-la-jce-una-reunion-para-evaluar-proceso-de-cedulacion","status":"publish","type":"post","link":"https:\/\/elmundodelapolitica.com\/v1\/fuerza-del-pueblo-pide-a-la-jce-una-reunion-para-evaluar-proceso-de-cedulacion\/","title":{"rendered":"Fuerza del Pueblo pide a la JCE una reuni\u00f3n para evaluar proceso de cedulaci\u00f3n"},"content":{"rendered":"<div>Santo Domingo.- El partido Fuerza del Pueblo (FP) solicit\u00f3 al Pleno de la Junta Central Electoral (JCE), la convocatoria de una reuni\u00f3n de trabajo de la mesa t\u00e9cnica de ese organismo con el objetivo de realizar una evaluaci\u00f3n integral de todo el proceso de cedulaci\u00f3n, el cual cumple una semana de ejecuci\u00f3n. \u201cDicha reuni\u00f3n debe [\u2026]<\/div>\n","protected":false},"excerpt":{"rendered":"<p>Santo Domingo.- El partido Fuerza del Pueblo (FP) solicit\u00f3 al Pleno de la Junta Central Electoral (JCE), la convocatoria de una reuni\u00f3n de trabajo de la mesa t\u00e9cnica de ese&hellip; <\/p>\n","protected":false},"author":1,"featured_media":0,"comment_status":"closed","ping_status":"closed","sticky":false,"template":"","format":"standard","meta":{"fifu_image_url":"","fifu_image_alt":"","footnotes":""},"categories":[17],"tags":[],"class_list":["post-8129","post","type-post","status-publish","format-standard","hentry","category-politica"],"_links":{"self":[{"href":"https:\/\/elmundodelapolitica.com\/v1\/wp-json\/wp\/v2\/posts\/8129","targetHints":{"allow":["GET"]}}],"collection":[{"href":"https:\/\/elmundodelapolitica.com\/v1\/wp-json\/wp\/v2\/posts"}],"about":[{"href":"https:\/\/elmundodelapolitica.com\/v1\/wp-json\/wp\/v2\/types\/post"}],"author":[{"embeddable":true,"href":"https:\/\/elmundodelapolitica.com\/v1\/wp-json\/wp\/v2\/users\/1"}],"replies":[{"embeddable":true,"href":"https:\/\/elmundodelapolitica.com\/v1\/wp-json\/wp\/v2\/comments?post=8129"}],"version-history":[{"count":0,"href":"https:\/\/elmundodelapolitica.com\/v1\/wp-json\/wp\/v2\/posts\/8129\/revisions"}],"wp:attachment":[{"href":"https:\/\/elmundodelapolitica.com\/v1\/wp-json\/wp\/v2\/media?parent=8129"}],"wp:term":[{"taxonomy":"category","embeddable":true,"href":"https:\/\/elmundodelapolitica.com\/v1\/wp-json\/wp\/v2\/categories?post=8129"},{"taxonomy":"post_tag","embeddable":true,"href":"https:\/\/elmundodelapolitica.com\/v1\/wp-json\/wp\/v2\/tags?post=8129"}],"curies":[{"name":"wp","href":"https:\/\/api.w.org\/{rel}","templated":true}]}}