{"id":807,"date":"2022-10-19T01:05:05","date_gmt":"2022-10-19T05:05:05","guid":{"rendered":"https:\/\/elmundodelapolitica.com\/v1\/?p=807"},"modified":"2022-10-19T01:05:05","modified_gmt":"2022-10-19T05:05:05","slug":"andersen-global-amplia-presencia-en-australia","status":"publish","type":"post","link":"https:\/\/elmundodelapolitica.com\/v1\/andersen-global-amplia-presencia-en-australia\/","title":{"rendered":"Andersen Global ampl\u00eda presencia en Australia"},"content":{"rendered":"<p>SAN FRANCISCO&#8211;(BUSINESS WIRE)&#8211;Andersen Global instala capacidades legales y consolida la cobertura internacional en Australia gracias a un acuerdo de colaboraci\u00f3n suscrito con el bufete de abogados l\u00edder Cornwalls.<\/p>\n<p>Fundado en 1891, Cornwalls presta una gama completa de servicios legales, en particular, de banca y finanzas, corporativos y comerciales, empleo y relaciones industriales, tecnolog\u00eda financiera (fintech), propiedad intelectual, litigios y resoluci\u00f3n de disputas, propiedad, reestructuraci\u00f3n e insolvencia, impuestos, migraci\u00f3n y telecomunicaciones. Dirigido por el director general Levent Shevki, el equipo de la firma est\u00e1 compuesto por casi 100 abogados y ejerce su pr\u00e1ctica a lo largo y a lo ancho de Australia.<\/p>\n<p>\"Nuestros clientes est\u00e1n en el centro de nuestro modelo de negocio y nuestra prioridad es superar sus expectativas al promover la administraci\u00f3n responsable e identificar nuevas oportunidades en el mercado\", explic\u00f3 Levent. \"Gracias a nuestra colaboraci\u00f3n con Andersen Global, podremos seguir siendo un bufete l\u00edder y ampliar nuestras capacidades para prestar el mejor servicio de su clase a nivel regional y mundial\".<\/p>\n<p>\"Cornwalls es un grupo emprendedor con una metodolog\u00eda innovadora a la hora de ampliar su negocio y mantener una ventaja competitiva en el mercado\", asegur\u00f3 el presidente de Andersen Global y gerente general de Andersen, Mark Vorsatz. \"Su incorporaci\u00f3n nos permite mantener nuestra posici\u00f3n en la regi\u00f3n y nos prepara para seguir creciendo\".<\/p>\n<p>Andersen Global es una asociaci\u00f3n internacional de firmas miembro independientes y legalmente separadas, compuesta por profesionales fiscales y legales de todo el mundo. Fundada en 2013 por la firma miembro estadounidense Andersen Tax LLC, Andersen Global ya cuenta con m\u00e1s de 12.000 profesionales en todo el mundo y tiene presencia en m\u00e1s de 380 localidades a trav\u00e9s de sus firmas miembro y firmas colaboradoras.<\/p>\n<p>El texto original en el idioma fuente de este comunicado es la versi\u00f3n oficial autorizada. Las traducciones solo se suministran como adaptaci\u00f3n y deben cotejarse con el texto en el idioma fuente, que es la \u00fanica versi\u00f3n del texto que tendr\u00e1 un efecto legal.<br \/>\n Contacts<br \/>\nMegan Tsuei<br \/>\nAndersen Global<br \/>\n415-764-2700<\/p>\n","protected":false},"excerpt":{"rendered":"<div>\n<p>SAN FRANCISCO&#8211;(BUSINESS WIRE)&#8211;Andersen Global instala capacidades legales y consolida la cobertura internacional en Australia gracias a un acuerdo de colaboraci\u00f3n suscrito con el bufete de abogados l\u00edder Cornwalls.\n<\/p>\n<p>\nFundado en 1891, Cornwalls presta una gama completa de servicios legales, en particular, de banca y finanzas, corporativos y comerciales, empleo y relaciones industriales, tecnolog\u00eda financiera (fintech), propiedad intelectual, litigios y resoluci\u00f3n de disputas, propiedad, reestructuraci\u00f3n e insolvencia, impuestos, migraci\u00f3n y telecomunicaciones. Dirigido por el director general Levent Shevki, el equipo de la firma est\u00e1 compuesto por casi 100 abogados y ejerce su pr\u00e1ctica a lo largo y a lo ancho de Australia.\n<\/p>\n<p>\n\"Nuestros clientes est\u00e1n en el centro de nuestro modelo de negocio y nuestra prioridad es superar sus expectativas al promover la administraci\u00f3n responsable e identificar nuevas oportunidades en el mercado\", explic\u00f3 Levent. \"Gracias a nuestra colaboraci\u00f3n con Andersen Global, podremos seguir siendo un bufete l\u00edder y ampliar nuestras capacidades para prestar el mejor servicio de su clase a nivel regional y mundial\".\n<\/p>\n<p>\n\"Cornwalls es un grupo emprendedor con una metodolog\u00eda innovadora a la hora de ampliar su negocio y mantener una ventaja competitiva en el mercado\", asegur\u00f3 el presidente de Andersen Global y gerente general de Andersen, Mark Vorsatz. \"Su incorporaci\u00f3n nos permite mantener nuestra posici\u00f3n en la regi\u00f3n y nos prepara para seguir creciendo\".\n<\/p>\n<p>\n<a target=\"_blank\" href=\"https:\/\/cts.businesswire.com\/ct\/CT?id=smartlink&amp;url=https%3A%2F%2Fglobal.andersen.com%2F&amp;esheet=52946490&amp;newsitemid=20221018005208&amp;lan=es-AR&amp;anchor=Andersen+Global&amp;index=1&amp;md5=d3d82bc7ddc5371a9ad54f7985b1deb2\" rel=\"nofollow noopener\">Andersen Global<\/a> es una asociaci\u00f3n internacional de firmas miembro independientes y legalmente separadas, compuesta por profesionales fiscales y legales de todo el mundo. Fundada en 2013 por la firma miembro estadounidense Andersen Tax LLC, Andersen Global ya cuenta con m\u00e1s de 12.000 profesionales en todo el mundo y tiene presencia en m\u00e1s de 380 localidades a trav\u00e9s de sus firmas miembro y firmas colaboradoras.\n<\/p>\n<p>\nEl texto original en el idioma fuente de este comunicado es la versi\u00f3n oficial autorizada. Las traducciones solo se suministran como adaptaci\u00f3n y deben cotejarse con el texto en el idioma fuente, que es la \u00fanica versi\u00f3n del texto que tendr\u00e1 un efecto legal.\n<\/p>\n<p> <b>Contacts<\/b> <\/p>\n<p>\nMegan Tsuei<br \/>\n<br \/>Andersen Global<br \/>\n<br \/>415-764-2700\n<\/p>\n<\/div>\n","protected":false},"author":2,"featured_media":0,"comment_status":"closed","ping_status":"closed","sticky":false,"template":"","format":"standard","meta":{"fifu_image_url":"","fifu_image_alt":"","footnotes":""},"categories":[44],"tags":[],"class_list":["post-807","post","type-post","status-publish","format-standard","hentry","category-business-wire"],"_links":{"self":[{"href":"https:\/\/elmundodelapolitica.com\/v1\/wp-json\/wp\/v2\/posts\/807","targetHints":{"allow":["GET"]}}],"collection":[{"href":"https:\/\/elmundodelapolitica.com\/v1\/wp-json\/wp\/v2\/posts"}],"about":[{"href":"https:\/\/elmundodelapolitica.com\/v1\/wp-json\/wp\/v2\/types\/post"}],"author":[{"embeddable":true,"href":"https:\/\/elmundodelapolitica.com\/v1\/wp-json\/wp\/v2\/users\/2"}],"replies":[{"embeddable":true,"href":"https:\/\/elmundodelapolitica.com\/v1\/wp-json\/wp\/v2\/comments?post=807"}],"version-history":[{"count":0,"href":"https:\/\/elmundodelapolitica.com\/v1\/wp-json\/wp\/v2\/posts\/807\/revisions"}],"wp:attachment":[{"href":"https:\/\/elmundodelapolitica.com\/v1\/wp-json\/wp\/v2\/media?parent=807"}],"wp:term":[{"taxonomy":"category","embeddable":true,"href":"https:\/\/elmundodelapolitica.com\/v1\/wp-json\/wp\/v2\/categories?post=807"},{"taxonomy":"post_tag","embeddable":true,"href":"https:\/\/elmundodelapolitica.com\/v1\/wp-json\/wp\/v2\/tags?post=807"}],"curies":[{"name":"wp","href":"https:\/\/api.w.org\/{rel}","templated":true}]}}