{"id":8062,"date":"2026-04-17T03:03:02","date_gmt":"2026-04-17T07:03:02","guid":{"rendered":"https:\/\/elmundodelapolitica.com\/v1\/prm-informa-no-esta-recibiendo-candidaturas-a-aspiraciones-internas\/"},"modified":"2026-04-17T03:03:02","modified_gmt":"2026-04-17T07:03:02","slug":"prm-informa-no-esta-recibiendo-candidaturas-a-aspiraciones-internas","status":"publish","type":"post","link":"https:\/\/elmundodelapolitica.com\/v1\/prm-informa-no-esta-recibiendo-candidaturas-a-aspiraciones-internas\/","title":{"rendered":"PRM informa no est\u00e1 recibiendo candidaturas a aspiraciones internas"},"content":{"rendered":"<div>SANTO DOMINGO.- El Partido Revolucionario Moderno (PRM) aclar\u00f3 que no tiene abierto ning\u00fan proceso de recepci\u00f3n de candidaturas para aspiraciones internas ni est\u00e1 realizando inscripciones a trav\u00e9s de su Comisi\u00f3n Nacional de Elecciones Internas (CNEI). Mediante un comunicado oficial, la organizaci\u00f3n pol\u00edtica desminti\u00f3 un video que circula en grupos de mensajer\u00eda instant\u00e1nea, el cual sugiere [\u2026]<\/div>\n","protected":false},"excerpt":{"rendered":"<p>SANTO DOMINGO.- El Partido Revolucionario Moderno (PRM) aclar\u00f3 que no tiene abierto ning\u00fan proceso de recepci\u00f3n de candidaturas para aspiraciones internas ni est\u00e1 realizando inscripciones a trav\u00e9s de su Comisi\u00f3n&hellip; <\/p>\n","protected":false},"author":1,"featured_media":0,"comment_status":"closed","ping_status":"closed","sticky":false,"template":"","format":"standard","meta":{"fifu_image_url":"","fifu_image_alt":"","footnotes":""},"categories":[17],"tags":[],"class_list":["post-8062","post","type-post","status-publish","format-standard","hentry","category-politica"],"_links":{"self":[{"href":"https:\/\/elmundodelapolitica.com\/v1\/wp-json\/wp\/v2\/posts\/8062","targetHints":{"allow":["GET"]}}],"collection":[{"href":"https:\/\/elmundodelapolitica.com\/v1\/wp-json\/wp\/v2\/posts"}],"about":[{"href":"https:\/\/elmundodelapolitica.com\/v1\/wp-json\/wp\/v2\/types\/post"}],"author":[{"embeddable":true,"href":"https:\/\/elmundodelapolitica.com\/v1\/wp-json\/wp\/v2\/users\/1"}],"replies":[{"embeddable":true,"href":"https:\/\/elmundodelapolitica.com\/v1\/wp-json\/wp\/v2\/comments?post=8062"}],"version-history":[{"count":0,"href":"https:\/\/elmundodelapolitica.com\/v1\/wp-json\/wp\/v2\/posts\/8062\/revisions"}],"wp:attachment":[{"href":"https:\/\/elmundodelapolitica.com\/v1\/wp-json\/wp\/v2\/media?parent=8062"}],"wp:term":[{"taxonomy":"category","embeddable":true,"href":"https:\/\/elmundodelapolitica.com\/v1\/wp-json\/wp\/v2\/categories?post=8062"},{"taxonomy":"post_tag","embeddable":true,"href":"https:\/\/elmundodelapolitica.com\/v1\/wp-json\/wp\/v2\/tags?post=8062"}],"curies":[{"name":"wp","href":"https:\/\/api.w.org\/{rel}","templated":true}]}}