{"id":8055,"date":"2026-04-16T03:03:06","date_gmt":"2026-04-16T07:03:06","guid":{"rendered":"https:\/\/elmundodelapolitica.com\/v1\/leonel-afirma-que-los-sacrificios-economicos-ante-crisis-deben-ser-asumidos-por-el-gobierno\/"},"modified":"2026-04-16T03:03:06","modified_gmt":"2026-04-16T07:03:06","slug":"leonel-afirma-que-los-sacrificios-economicos-ante-crisis-deben-ser-asumidos-por-el-gobierno","status":"publish","type":"post","link":"https:\/\/elmundodelapolitica.com\/v1\/leonel-afirma-que-los-sacrificios-economicos-ante-crisis-deben-ser-asumidos-por-el-gobierno\/","title":{"rendered":"Leonel afirma que los sacrificios econ\u00f3micos ante crisis deben ser asumidos por el Gobierno"},"content":{"rendered":"<div>Santo Domingo.- El expresidente Leonel Fern\u00e1ndez afirm\u00f3 este mi\u00e9rcoles que los \u00absacrificios\u00bb que haya que hacer en el pa\u00eds derivados de la actual coyuntura internacional deben ser asumidos por el Gobierno y comunicados con transparencia a la poblaci\u00f3n. Fern\u00e1ndez, al hacer declaraciones a los medios tras el encuentro, explic\u00f3 que durante el intercambio fueron presentadas [\u2026]<\/div>\n","protected":false},"excerpt":{"rendered":"<p>Santo Domingo.- El expresidente Leonel Fern\u00e1ndez afirm\u00f3 este mi\u00e9rcoles que los \u00absacrificios\u00bb que haya que hacer en el pa\u00eds derivados de la actual coyuntura internacional deben ser asumidos por el&hellip; <\/p>\n","protected":false},"author":1,"featured_media":0,"comment_status":"closed","ping_status":"closed","sticky":false,"template":"","format":"standard","meta":{"fifu_image_url":"","fifu_image_alt":"","footnotes":""},"categories":[17],"tags":[],"class_list":["post-8055","post","type-post","status-publish","format-standard","hentry","category-politica"],"_links":{"self":[{"href":"https:\/\/elmundodelapolitica.com\/v1\/wp-json\/wp\/v2\/posts\/8055","targetHints":{"allow":["GET"]}}],"collection":[{"href":"https:\/\/elmundodelapolitica.com\/v1\/wp-json\/wp\/v2\/posts"}],"about":[{"href":"https:\/\/elmundodelapolitica.com\/v1\/wp-json\/wp\/v2\/types\/post"}],"author":[{"embeddable":true,"href":"https:\/\/elmundodelapolitica.com\/v1\/wp-json\/wp\/v2\/users\/1"}],"replies":[{"embeddable":true,"href":"https:\/\/elmundodelapolitica.com\/v1\/wp-json\/wp\/v2\/comments?post=8055"}],"version-history":[{"count":0,"href":"https:\/\/elmundodelapolitica.com\/v1\/wp-json\/wp\/v2\/posts\/8055\/revisions"}],"wp:attachment":[{"href":"https:\/\/elmundodelapolitica.com\/v1\/wp-json\/wp\/v2\/media?parent=8055"}],"wp:term":[{"taxonomy":"category","embeddable":true,"href":"https:\/\/elmundodelapolitica.com\/v1\/wp-json\/wp\/v2\/categories?post=8055"},{"taxonomy":"post_tag","embeddable":true,"href":"https:\/\/elmundodelapolitica.com\/v1\/wp-json\/wp\/v2\/tags?post=8055"}],"curies":[{"name":"wp","href":"https:\/\/api.w.org\/{rel}","templated":true}]}}