{"id":8054,"date":"2026-04-16T03:03:05","date_gmt":"2026-04-16T07:03:05","guid":{"rendered":"https:\/\/elmundodelapolitica.com\/v1\/pdi-presenta-nueva-etapa-politica-de-reorganizacion-formacion-y-candidaturas-reservadas-para-2028\/"},"modified":"2026-04-16T03:03:05","modified_gmt":"2026-04-16T07:03:05","slug":"pdi-presenta-nueva-etapa-politica-de-reorganizacion-formacion-y-candidaturas-reservadas-para-2028","status":"publish","type":"post","link":"https:\/\/elmundodelapolitica.com\/v1\/pdi-presenta-nueva-etapa-politica-de-reorganizacion-formacion-y-candidaturas-reservadas-para-2028\/","title":{"rendered":"PDI presenta nueva etapa pol\u00edtica de reorganizaci\u00f3n, formaci\u00f3n y candidaturas reservadas para 2028"},"content":{"rendered":"<div>Santo Domingo.- El Partido Dem\u00f3crata Institucional (PDI) present\u00f3 un plan de acci\u00f3n de cara a una nueva etapa pol\u00edtica basada en la reorganizaci\u00f3n nacional e internacional de sus estructuras, la formaci\u00f3n sistem\u00e1tica de cuadros y la reserva de candidaturas para independientes y j\u00f3venes de cara a las elecciones de 2028. Durante una rueda de prensa, [\u2026]<\/div>\n","protected":false},"excerpt":{"rendered":"<p>Santo Domingo.- El Partido Dem\u00f3crata Institucional (PDI) present\u00f3 un plan de acci\u00f3n de cara a una nueva etapa pol\u00edtica basada en la reorganizaci\u00f3n nacional e internacional de sus estructuras, la&hellip; <\/p>\n","protected":false},"author":1,"featured_media":0,"comment_status":"closed","ping_status":"closed","sticky":false,"template":"","format":"standard","meta":{"fifu_image_url":"","fifu_image_alt":"","footnotes":""},"categories":[17],"tags":[],"class_list":["post-8054","post","type-post","status-publish","format-standard","hentry","category-politica"],"_links":{"self":[{"href":"https:\/\/elmundodelapolitica.com\/v1\/wp-json\/wp\/v2\/posts\/8054","targetHints":{"allow":["GET"]}}],"collection":[{"href":"https:\/\/elmundodelapolitica.com\/v1\/wp-json\/wp\/v2\/posts"}],"about":[{"href":"https:\/\/elmundodelapolitica.com\/v1\/wp-json\/wp\/v2\/types\/post"}],"author":[{"embeddable":true,"href":"https:\/\/elmundodelapolitica.com\/v1\/wp-json\/wp\/v2\/users\/1"}],"replies":[{"embeddable":true,"href":"https:\/\/elmundodelapolitica.com\/v1\/wp-json\/wp\/v2\/comments?post=8054"}],"version-history":[{"count":0,"href":"https:\/\/elmundodelapolitica.com\/v1\/wp-json\/wp\/v2\/posts\/8054\/revisions"}],"wp:attachment":[{"href":"https:\/\/elmundodelapolitica.com\/v1\/wp-json\/wp\/v2\/media?parent=8054"}],"wp:term":[{"taxonomy":"category","embeddable":true,"href":"https:\/\/elmundodelapolitica.com\/v1\/wp-json\/wp\/v2\/categories?post=8054"},{"taxonomy":"post_tag","embeddable":true,"href":"https:\/\/elmundodelapolitica.com\/v1\/wp-json\/wp\/v2\/tags?post=8054"}],"curies":[{"name":"wp","href":"https:\/\/api.w.org\/{rel}","templated":true}]}}