{"id":8039,"date":"2026-04-15T03:18:39","date_gmt":"2026-04-15T07:18:39","guid":{"rendered":"https:\/\/elmundodelapolitica.com\/v1\/gobierno-se-reunira-con-leonel-el-miercoles-por-la-tarde-en-funglode\/"},"modified":"2026-04-15T03:18:39","modified_gmt":"2026-04-15T07:18:39","slug":"gobierno-se-reunira-con-leonel-el-miercoles-por-la-tarde-en-funglode","status":"publish","type":"post","link":"https:\/\/elmundodelapolitica.com\/v1\/gobierno-se-reunira-con-leonel-el-miercoles-por-la-tarde-en-funglode\/","title":{"rendered":"Gobierno se reunir\u00e1 con Leonel el mi\u00e9rcoles por la tarde en Funglode"},"content":{"rendered":"<div>La reuni\u00f3n entre el expresidente Leonel Fern\u00e1ndez y representantes del Gobierno se celebrar\u00e1 este mi\u00e9rcoles a las 6:00 de la tarde en la sede de Fundaci\u00f3n Global Democracia y Desarrollo, como parte de los esfuerzos para lograr un acuerdo nacional frente al impacto de la crisis internacional derivada del conflicto en Medio Oriente. En el [\u2026]<\/div>\n","protected":false},"excerpt":{"rendered":"<p>La reuni\u00f3n entre el expresidente Leonel Fern\u00e1ndez y representantes del Gobierno se celebrar\u00e1 este mi\u00e9rcoles a las 6:00 de la tarde en la sede de Fundaci\u00f3n Global Democracia y Desarrollo,&hellip; <\/p>\n","protected":false},"author":1,"featured_media":0,"comment_status":"closed","ping_status":"closed","sticky":false,"template":"","format":"standard","meta":{"fifu_image_url":"","fifu_image_alt":"","footnotes":""},"categories":[17],"tags":[],"class_list":["post-8039","post","type-post","status-publish","format-standard","hentry","category-politica"],"_links":{"self":[{"href":"https:\/\/elmundodelapolitica.com\/v1\/wp-json\/wp\/v2\/posts\/8039","targetHints":{"allow":["GET"]}}],"collection":[{"href":"https:\/\/elmundodelapolitica.com\/v1\/wp-json\/wp\/v2\/posts"}],"about":[{"href":"https:\/\/elmundodelapolitica.com\/v1\/wp-json\/wp\/v2\/types\/post"}],"author":[{"embeddable":true,"href":"https:\/\/elmundodelapolitica.com\/v1\/wp-json\/wp\/v2\/users\/1"}],"replies":[{"embeddable":true,"href":"https:\/\/elmundodelapolitica.com\/v1\/wp-json\/wp\/v2\/comments?post=8039"}],"version-history":[{"count":0,"href":"https:\/\/elmundodelapolitica.com\/v1\/wp-json\/wp\/v2\/posts\/8039\/revisions"}],"wp:attachment":[{"href":"https:\/\/elmundodelapolitica.com\/v1\/wp-json\/wp\/v2\/media?parent=8039"}],"wp:term":[{"taxonomy":"category","embeddable":true,"href":"https:\/\/elmundodelapolitica.com\/v1\/wp-json\/wp\/v2\/categories?post=8039"},{"taxonomy":"post_tag","embeddable":true,"href":"https:\/\/elmundodelapolitica.com\/v1\/wp-json\/wp\/v2\/tags?post=8039"}],"curies":[{"name":"wp","href":"https:\/\/api.w.org\/{rel}","templated":true}]}}