{"id":8037,"date":"2026-04-14T03:03:03","date_gmt":"2026-04-14T07:03:03","guid":{"rendered":"https:\/\/elmundodelapolitica.com\/v1\/paliza-afirma-gobierno-busca-unidad-nacional-y-descarta-que-se-haya-planteado-reforma-fiscal-a-danilo-medina\/"},"modified":"2026-04-14T03:03:03","modified_gmt":"2026-04-14T07:03:03","slug":"paliza-afirma-gobierno-busca-unidad-nacional-y-descarta-que-se-haya-planteado-reforma-fiscal-a-danilo-medina","status":"publish","type":"post","link":"https:\/\/elmundodelapolitica.com\/v1\/paliza-afirma-gobierno-busca-unidad-nacional-y-descarta-que-se-haya-planteado-reforma-fiscal-a-danilo-medina\/","title":{"rendered":"Paliza afirma Gobierno busca unidad nacional y descarta que se haya planteado reforma fiscal a Danilo Medina"},"content":{"rendered":"<div>El ministro de la Presidencia, Jos\u00e9 Ignacio Paliza asegur\u00f3 que el Gobierno no le plante\u00f3 una reforma fiscal al expresidente Danilo Medina, y explic\u00f3 que las conversaciones sostenidas con l\u00edderes pol\u00edticos forman parte de un proceso de di\u00e1logo y consulta nacional orientado a promover la unidad frente a la crisis actual.<\/div>\n","protected":false},"excerpt":{"rendered":"<p>El ministro de la Presidencia, Jos\u00e9 Ignacio Paliza asegur\u00f3 que el Gobierno no le plante\u00f3 una reforma fiscal al expresidente Danilo Medina, y explic\u00f3 que las conversaciones sostenidas con l\u00edderes&hellip; <\/p>\n","protected":false},"author":1,"featured_media":0,"comment_status":"closed","ping_status":"closed","sticky":false,"template":"","format":"standard","meta":{"fifu_image_url":"","fifu_image_alt":"","footnotes":""},"categories":[17],"tags":[],"class_list":["post-8037","post","type-post","status-publish","format-standard","hentry","category-politica"],"_links":{"self":[{"href":"https:\/\/elmundodelapolitica.com\/v1\/wp-json\/wp\/v2\/posts\/8037","targetHints":{"allow":["GET"]}}],"collection":[{"href":"https:\/\/elmundodelapolitica.com\/v1\/wp-json\/wp\/v2\/posts"}],"about":[{"href":"https:\/\/elmundodelapolitica.com\/v1\/wp-json\/wp\/v2\/types\/post"}],"author":[{"embeddable":true,"href":"https:\/\/elmundodelapolitica.com\/v1\/wp-json\/wp\/v2\/users\/1"}],"replies":[{"embeddable":true,"href":"https:\/\/elmundodelapolitica.com\/v1\/wp-json\/wp\/v2\/comments?post=8037"}],"version-history":[{"count":0,"href":"https:\/\/elmundodelapolitica.com\/v1\/wp-json\/wp\/v2\/posts\/8037\/revisions"}],"wp:attachment":[{"href":"https:\/\/elmundodelapolitica.com\/v1\/wp-json\/wp\/v2\/media?parent=8037"}],"wp:term":[{"taxonomy":"category","embeddable":true,"href":"https:\/\/elmundodelapolitica.com\/v1\/wp-json\/wp\/v2\/categories?post=8037"},{"taxonomy":"post_tag","embeddable":true,"href":"https:\/\/elmundodelapolitica.com\/v1\/wp-json\/wp\/v2\/tags?post=8037"}],"curies":[{"name":"wp","href":"https:\/\/api.w.org\/{rel}","templated":true}]}}