{"id":8021,"date":"2026-04-10T03:04:42","date_gmt":"2026-04-10T07:04:42","guid":{"rendered":"https:\/\/elmundodelapolitica.com\/v1\/gobierno-convoca-a-danilo-medina-y-leonel-fernandez-para-buscar-consenso-ante-crisis-global\/"},"modified":"2026-04-10T03:04:42","modified_gmt":"2026-04-10T07:04:42","slug":"gobierno-convoca-a-danilo-medina-y-leonel-fernandez-para-buscar-consenso-ante-crisis-global","status":"publish","type":"post","link":"https:\/\/elmundodelapolitica.com\/v1\/gobierno-convoca-a-danilo-medina-y-leonel-fernandez-para-buscar-consenso-ante-crisis-global\/","title":{"rendered":"\u00a0Gobierno convoca a Danilo Medina y Leonel Fern\u00e1ndez para buscar consenso ante crisis global"},"content":{"rendered":"<div>SANTO DOMINGO. \u2013 El Gobierno dominicano iniciar\u00e1 este viernes una ronda de reuniones de alto nivel con los principales l\u00edderes de la oposici\u00f3n, incluidos los expresidentes Danilo Medina y Leonel Fern\u00e1ndez, para construir un consenso nacional frente a la crisis global provocada por el conflicto en Medio Oriente. El ministro de la Presidencia, Jos\u00e9 Ignacio [\u2026]<\/div>\n","protected":false},"excerpt":{"rendered":"<p>SANTO DOMINGO. \u2013 El Gobierno dominicano iniciar\u00e1 este viernes una ronda de reuniones de alto nivel con los principales l\u00edderes de la oposici\u00f3n, incluidos los expresidentes Danilo Medina y Leonel&hellip; <\/p>\n","protected":false},"author":1,"featured_media":0,"comment_status":"closed","ping_status":"closed","sticky":false,"template":"","format":"standard","meta":{"fifu_image_url":"","fifu_image_alt":"","footnotes":""},"categories":[17],"tags":[],"class_list":["post-8021","post","type-post","status-publish","format-standard","hentry","category-politica"],"_links":{"self":[{"href":"https:\/\/elmundodelapolitica.com\/v1\/wp-json\/wp\/v2\/posts\/8021","targetHints":{"allow":["GET"]}}],"collection":[{"href":"https:\/\/elmundodelapolitica.com\/v1\/wp-json\/wp\/v2\/posts"}],"about":[{"href":"https:\/\/elmundodelapolitica.com\/v1\/wp-json\/wp\/v2\/types\/post"}],"author":[{"embeddable":true,"href":"https:\/\/elmundodelapolitica.com\/v1\/wp-json\/wp\/v2\/users\/1"}],"replies":[{"embeddable":true,"href":"https:\/\/elmundodelapolitica.com\/v1\/wp-json\/wp\/v2\/comments?post=8021"}],"version-history":[{"count":0,"href":"https:\/\/elmundodelapolitica.com\/v1\/wp-json\/wp\/v2\/posts\/8021\/revisions"}],"wp:attachment":[{"href":"https:\/\/elmundodelapolitica.com\/v1\/wp-json\/wp\/v2\/media?parent=8021"}],"wp:term":[{"taxonomy":"category","embeddable":true,"href":"https:\/\/elmundodelapolitica.com\/v1\/wp-json\/wp\/v2\/categories?post=8021"},{"taxonomy":"post_tag","embeddable":true,"href":"https:\/\/elmundodelapolitica.com\/v1\/wp-json\/wp\/v2\/tags?post=8021"}],"curies":[{"name":"wp","href":"https:\/\/api.w.org\/{rel}","templated":true}]}}