{"id":8008,"date":"2026-04-09T03:05:45","date_gmt":"2026-04-09T07:05:45","guid":{"rendered":"https:\/\/elmundodelapolitica.com\/v1\/alcalde-ulises-rodriguez-respalda-dialogo-nacional-ante-impacto-de-crisis-internacional\/"},"modified":"2026-04-09T03:05:45","modified_gmt":"2026-04-09T07:05:45","slug":"alcalde-ulises-rodriguez-respalda-dialogo-nacional-ante-impacto-de-crisis-internacional","status":"publish","type":"post","link":"https:\/\/elmundodelapolitica.com\/v1\/alcalde-ulises-rodriguez-respalda-dialogo-nacional-ante-impacto-de-crisis-internacional\/","title":{"rendered":"Alcalde Ulises Rodr\u00edguez respalda di\u00e1logo nacional ante impacto de crisis internacional"},"content":{"rendered":"<div>Santiago de los Caballeros. \u2013 El alcalde Ulises Rodr\u00edguez consider\u00f3 acertado el llamado al di\u00e1logo nacional realizado por el presidente Luis Abinader, al advertir que la situaci\u00f3n internacional actual representa un reto que tambi\u00e9n impacta a la Rep\u00fablica Dominicana en lo social y econ\u00f3mico. Rodr\u00edguez se\u00f1al\u00f3 que el contexto global, marcado por conflictos y tensiones [\u2026]<\/div>\n","protected":false},"excerpt":{"rendered":"<p>Santiago de los Caballeros. \u2013 El alcalde Ulises Rodr\u00edguez consider\u00f3 acertado el llamado al di\u00e1logo nacional realizado por el presidente Luis Abinader, al advertir que la situaci\u00f3n internacional actual representa&hellip; <\/p>\n","protected":false},"author":1,"featured_media":0,"comment_status":"closed","ping_status":"closed","sticky":false,"template":"","format":"standard","meta":{"fifu_image_url":"","fifu_image_alt":"","footnotes":""},"categories":[17],"tags":[],"class_list":["post-8008","post","type-post","status-publish","format-standard","hentry","category-politica"],"_links":{"self":[{"href":"https:\/\/elmundodelapolitica.com\/v1\/wp-json\/wp\/v2\/posts\/8008","targetHints":{"allow":["GET"]}}],"collection":[{"href":"https:\/\/elmundodelapolitica.com\/v1\/wp-json\/wp\/v2\/posts"}],"about":[{"href":"https:\/\/elmundodelapolitica.com\/v1\/wp-json\/wp\/v2\/types\/post"}],"author":[{"embeddable":true,"href":"https:\/\/elmundodelapolitica.com\/v1\/wp-json\/wp\/v2\/users\/1"}],"replies":[{"embeddable":true,"href":"https:\/\/elmundodelapolitica.com\/v1\/wp-json\/wp\/v2\/comments?post=8008"}],"version-history":[{"count":0,"href":"https:\/\/elmundodelapolitica.com\/v1\/wp-json\/wp\/v2\/posts\/8008\/revisions"}],"wp:attachment":[{"href":"https:\/\/elmundodelapolitica.com\/v1\/wp-json\/wp\/v2\/media?parent=8008"}],"wp:term":[{"taxonomy":"category","embeddable":true,"href":"https:\/\/elmundodelapolitica.com\/v1\/wp-json\/wp\/v2\/categories?post=8008"},{"taxonomy":"post_tag","embeddable":true,"href":"https:\/\/elmundodelapolitica.com\/v1\/wp-json\/wp\/v2\/tags?post=8008"}],"curies":[{"name":"wp","href":"https:\/\/api.w.org\/{rel}","templated":true}]}}