{"id":7991,"date":"2026-04-07T03:03:02","date_gmt":"2026-04-07T07:03:02","guid":{"rendered":"https:\/\/elmundodelapolitica.com\/v1\/legisladores-oposicion-divididos-y-condicionan-apoyo-a-acuerdo-nacional-solicitado-por-abinader\/"},"modified":"2026-04-07T03:03:02","modified_gmt":"2026-04-07T07:03:02","slug":"legisladores-oposicion-divididos-y-condicionan-apoyo-a-acuerdo-nacional-solicitado-por-abinader","status":"publish","type":"post","link":"https:\/\/elmundodelapolitica.com\/v1\/legisladores-oposicion-divididos-y-condicionan-apoyo-a-acuerdo-nacional-solicitado-por-abinader\/","title":{"rendered":"Legisladores oposici\u00f3n divididos y condicionan apoyo a \u00abacuerdo nacional\u00bb solicitado por Abinader"},"content":{"rendered":"<div>Los legisladores de la oposici\u00f3n no est\u00e1n unificados en cuando a respaldar o no el \u00abacuerdo nacional\u00bb que solicit\u00f3 el presidente Luis Abinader para hacer frente al incremento del petr\u00f3leo y sus consecuencias. Aunque la Fuerza del Pueblo y el Partido de la Liberaci\u00f3n Dominicana (PLD) muestran su apoyo a la solicitud, la condicionan a [\u2026]<\/div>\n","protected":false},"excerpt":{"rendered":"<p>Los legisladores de la oposici\u00f3n no est\u00e1n unificados en cuando a respaldar o no el \u00abacuerdo nacional\u00bb que solicit\u00f3 el presidente Luis Abinader para hacer frente al incremento del petr\u00f3leo&hellip; <\/p>\n","protected":false},"author":1,"featured_media":0,"comment_status":"closed","ping_status":"closed","sticky":false,"template":"","format":"standard","meta":{"fifu_image_url":"","fifu_image_alt":"","footnotes":""},"categories":[17],"tags":[],"class_list":["post-7991","post","type-post","status-publish","format-standard","hentry","category-politica"],"_links":{"self":[{"href":"https:\/\/elmundodelapolitica.com\/v1\/wp-json\/wp\/v2\/posts\/7991","targetHints":{"allow":["GET"]}}],"collection":[{"href":"https:\/\/elmundodelapolitica.com\/v1\/wp-json\/wp\/v2\/posts"}],"about":[{"href":"https:\/\/elmundodelapolitica.com\/v1\/wp-json\/wp\/v2\/types\/post"}],"author":[{"embeddable":true,"href":"https:\/\/elmundodelapolitica.com\/v1\/wp-json\/wp\/v2\/users\/1"}],"replies":[{"embeddable":true,"href":"https:\/\/elmundodelapolitica.com\/v1\/wp-json\/wp\/v2\/comments?post=7991"}],"version-history":[{"count":0,"href":"https:\/\/elmundodelapolitica.com\/v1\/wp-json\/wp\/v2\/posts\/7991\/revisions"}],"wp:attachment":[{"href":"https:\/\/elmundodelapolitica.com\/v1\/wp-json\/wp\/v2\/media?parent=7991"}],"wp:term":[{"taxonomy":"category","embeddable":true,"href":"https:\/\/elmundodelapolitica.com\/v1\/wp-json\/wp\/v2\/categories?post=7991"},{"taxonomy":"post_tag","embeddable":true,"href":"https:\/\/elmundodelapolitica.com\/v1\/wp-json\/wp\/v2\/tags?post=7991"}],"curies":[{"name":"wp","href":"https:\/\/api.w.org\/{rel}","templated":true}]}}