{"id":7982,"date":"2026-04-06T14:50:17","date_gmt":"2026-04-06T18:50:17","guid":{"rendered":"https:\/\/elmundodelapolitica.com\/v1\/?p=7982"},"modified":"2026-04-06T14:50:17","modified_gmt":"2026-04-06T18:50:17","slug":"presidente-abinader-convoca-a-diversos-sectores-a-un-gran-acuerdo-nacional-para-enfrentar-la-crisis-global","status":"publish","type":"post","link":"https:\/\/elmundodelapolitica.com\/v1\/presidente-abinader-convoca-a-diversos-sectores-a-un-gran-acuerdo-nacional-para-enfrentar-la-crisis-global\/","title":{"rendered":"Presidente Abinader convoca a diversos sectores a un gran acuerdo nacional para enfrentar la crisis global"},"content":{"rendered":"\n<p>Santo Domingo.-&nbsp;<strong>El presidente Luis Abinader<\/strong>&nbsp;instruy\u00f3 a los ministros de la&nbsp;<strong>Presidencia; de Hacienda y Econom\u00eda, y de Industria, Comercio y Mipymes<\/strong>, a realizar consultas con los diversos sectores,&nbsp;<strong>productivos, pol\u00edticos y sociales<\/strong>&nbsp;nacionales para alcanzar un consenso que lleve a un&nbsp;<strong>gran acuerdo nacional<\/strong>&nbsp;para enfrentar la&nbsp;<strong>crisis global actual<\/strong>.<\/p>\n\n\n\n<p>Dijo que en las conversaciones se socializaran&nbsp;<strong>planes y medidas<\/strong>&nbsp;dise\u00f1adas por el Gobierno, con miras a mantener las estimaciones de&nbsp;<strong>crecimiento econ\u00f3mico<\/strong>&nbsp;y&nbsp;<strong>mitigar el impacto negativo<\/strong>&nbsp;sobre las familias dominicanas de una crisis global, que se desconoce cu\u00e1ndo terminar\u00e1.<\/p>\n\n\n\n<p>Record\u00f3 que en el \u00e1mbito mundial se vive una&nbsp;<strong>situaci\u00f3n de incertidumbre<\/strong>&nbsp;generada por el&nbsp;<strong>conflicto b\u00e9lico<\/strong>&nbsp;en el Medio Oriente.<\/p>\n\n\n\n<p>La informaci\u00f3n la ofreci\u00f3 el gobernante tras encabezar, la tarde de este domingo, una&nbsp;<strong>reuni\u00f3n del Consejo de Seguridad y Defensa Nacional<\/strong>&nbsp;para evaluar la situaci\u00f3n regional e internacional y adoptar las&nbsp;<strong>medidas necesarias<\/strong>&nbsp;ante la realidad que vive el mundo.<\/p>\n\n\n\n<p>El mandatario tambi\u00e9n anunci\u00f3 que dispuso el&nbsp;<strong>reforzamiento de la vigilancia en toda la frontera<\/strong>&nbsp;para garantizar la seguridad nacional ante la llegada, el pasado 1 de abril, del&nbsp;<strong>primer contingente de la Fuerza de Supresi\u00f3n de Bandas<\/strong>&nbsp;(GSF, por sus siglas en ingl\u00e9s), establecida por el&nbsp;<strong>Consejo de Seguridad de las Naciones Unidas<\/strong>&nbsp;para contribuir a la estabilizaci\u00f3n de Hait\u00ed.<\/p>\n\n\n\n<p>El mandatario record\u00f3 que la defensa del territorio nacional, la protecci\u00f3n de la poblaci\u00f3n y la preservaci\u00f3n del orden p\u00fablico son&nbsp;<strong>responsabilidades irrenunciables,<\/strong>&nbsp;para lo que&nbsp;<em>\u201cnuestras Fuerzas Armadas est\u00e1n preparadas, desplegadas y en alerta para responder a cualquier contingencia\u201d.<\/em><\/p>\n\n\n\n<p>El dignatario explic\u00f3 que el contexto internacional actual es complejo&nbsp;<em>\u201cy ante la evoluci\u00f3n de la situaci\u00f3n en Hait\u00ed, Rep\u00fablica Dominicana act\u00faa con responsabilidad y prudencia\u201d.&nbsp;<\/em><\/p>\n\n\n\n<p>Manifest\u00f3 que en el&nbsp;<strong>proceso de estabilizaci\u00f3n en Hait\u00ed<\/strong>&nbsp;se requerir\u00e1n esfuerzos sostenidos de la&nbsp;<strong>comunidad internacional<\/strong>&nbsp;para apoyar al Gobierno de la vecina naci\u00f3n en su labor de&nbsp;<strong>fortalecer la seguridad y las instituciones<\/strong>&nbsp;en ese pa\u00eds.<\/p>\n\n\n\n<figure class=\"wp-block-image\"><img decoding=\"async\" src=\"https:\/\/presidencia.gob.do\/sites\/default\/files\/inline-images\/WhatsApp%20Image%202026-04-05%20at%208.26.14%20PM.jpeg\" alt=\"\"\/><\/figure>\n\n\n\n<p><strong>Reconoce civismo de la poblaci\u00f3n durante el asueto de Semana Santa y la labor realizada durante el operativo coordinador por el COE<\/strong><\/p>\n\n\n\n<p>El mandatario aprovech\u00f3 para reconocer el&nbsp;<strong>comportamiento civilizado<\/strong>&nbsp;de la mayor\u00eda del pueblo dominicano durante el&nbsp;<strong>asueto de Semana Santa<\/strong>, con un desplazamiento r\u00e9cord de personas en todo el territorio nacional y la&nbsp;<em>\u201cextraordinaria labor realizada por los organismos que integran el Centro de Operaciones de Emergencia y todas las entidades de rescate, asistencia a emergencias y de seguridad, as\u00ed como a los miles de voluntarios que se integran tradicionalmente en estos operativos\u201d.<\/em><\/p>\n\n\n\n<p><em>\u201cEn este Domingo de Resurrecci\u00f3n, albergamos la esperanza del retorno a sus hogares de los dominicanos que se desplazaron en todo el pa\u00eds y a aquellos que a\u00fan vienen en camino, reiterarles el llamado al retorno con prudencia, siguiendo las recomendaciones de las autoridades\u201d,<\/em>&nbsp;expres\u00f3 el presidente Abinader.<\/p>\n\n\n\n<p>En la reuni\u00f3n, realizada en el Ministerio de Defensa, participaron el titular de Defensa,&nbsp;<strong>teniente general Carlos Antonio Fern\u00e1ndez Onofre<\/strong>; de Interior y Polic\u00eda,&nbsp;<strong>Faride Raful<\/strong>; el comandante general del Ej\u00e9rcito de Rep\u00fablica Dominicana,&nbsp;<strong>mayor general Jorge Iv\u00e1n Camino P\u00e9rez<\/strong>; el presidente de la Direcci\u00f3n Nacional de Control de Drogas,&nbsp;<strong>vicealmirante Jos\u00e9 Manuel Cabrera Ulloa<\/strong>, y el director general de la Polic\u00eda Nacional,&nbsp;<strong>mayor general Andr\u00e9s Modesto Cruz Cruz.<\/strong><\/p>\n","protected":false},"excerpt":{"rendered":"<p>Santo Domingo.-&nbsp;El presidente Luis Abinader&nbsp;instruy\u00f3 a los ministros de la&nbsp;Presidencia; de Hacienda y Econom\u00eda, y de Industria, Comercio y Mipymes, a realizar consultas con los diversos sectores,&nbsp;productivos, pol\u00edticos y sociales&nbsp;nacionales&hellip; <\/p>\n","protected":false},"author":1,"featured_media":7984,"comment_status":"closed","ping_status":"closed","sticky":false,"template":"","format":"standard","meta":{"fifu_image_url":"https:\/\/presidencia.gob.do\/sites\/default\/files\/styles\/large\/public\/news\/2026-04\/Foto%20web_6.jpg?itok=lVNekC6U","fifu_image_alt":"","footnotes":""},"categories":[17],"tags":[],"class_list":["post-7982","post","type-post","status-publish","format-standard","has-post-thumbnail","hentry","category-politica"],"_links":{"self":[{"href":"https:\/\/elmundodelapolitica.com\/v1\/wp-json\/wp\/v2\/posts\/7982","targetHints":{"allow":["GET"]}}],"collection":[{"href":"https:\/\/elmundodelapolitica.com\/v1\/wp-json\/wp\/v2\/posts"}],"about":[{"href":"https:\/\/elmundodelapolitica.com\/v1\/wp-json\/wp\/v2\/types\/post"}],"author":[{"embeddable":true,"href":"https:\/\/elmundodelapolitica.com\/v1\/wp-json\/wp\/v2\/users\/1"}],"replies":[{"embeddable":true,"href":"https:\/\/elmundodelapolitica.com\/v1\/wp-json\/wp\/v2\/comments?post=7982"}],"version-history":[{"count":1,"href":"https:\/\/elmundodelapolitica.com\/v1\/wp-json\/wp\/v2\/posts\/7982\/revisions"}],"predecessor-version":[{"id":7983,"href":"https:\/\/elmundodelapolitica.com\/v1\/wp-json\/wp\/v2\/posts\/7982\/revisions\/7983"}],"wp:featuredmedia":[{"embeddable":true,"href":"https:\/\/elmundodelapolitica.com\/v1\/wp-json\/wp\/v2\/media\/7984"}],"wp:attachment":[{"href":"https:\/\/elmundodelapolitica.com\/v1\/wp-json\/wp\/v2\/media?parent=7982"}],"wp:term":[{"taxonomy":"category","embeddable":true,"href":"https:\/\/elmundodelapolitica.com\/v1\/wp-json\/wp\/v2\/categories?post=7982"},{"taxonomy":"post_tag","embeddable":true,"href":"https:\/\/elmundodelapolitica.com\/v1\/wp-json\/wp\/v2\/tags?post=7982"}],"curies":[{"name":"wp","href":"https:\/\/api.w.org\/{rel}","templated":true}]}}