{"id":7974,"date":"2026-04-06T14:46:27","date_gmt":"2026-04-06T18:46:27","guid":{"rendered":"https:\/\/elmundodelapolitica.com\/v1\/?p=7974"},"modified":"2026-04-06T14:46:28","modified_gmt":"2026-04-06T18:46:28","slug":"pld-se-solidariza-con-criticas-de-la-iglesia-catolica-al-gobierno-dice-autoridades-han-olvidado-la-realidad-del-pais","status":"publish","type":"post","link":"https:\/\/elmundodelapolitica.com\/v1\/pld-se-solidariza-con-criticas-de-la-iglesia-catolica-al-gobierno-dice-autoridades-han-olvidado-la-realidad-del-pais\/","title":{"rendered":"PLD se solidariza con cr\u00edticas de la Iglesia Cat\u00f3lica al Gobierno; dice autoridades han olvidado la realidad del pa\u00eds"},"content":{"rendered":"<p>SANTO DOMINGO.- El opositor Partido de la Liberaci\u00f3n Dominicana (PLD) a trav\u00e9s de su Secretar\u00eda de Cultos mostr\u00f3 su \u00abidentificaci\u00f3n\u00bb con el mensaje de la Iglesia Cat\u00f3lica en el Serm\u00f3n de las Siete Palabras pronunciado este Viernes Santo en la Catedral Primada de Am\u00e9rica.<\/p>\n<p>\u00abNos unimos al Serm\u00f3n de las Siete Palabras realizado por la Iglesia Cat\u00f3lica, elevando un llamado firme al Gobierno del (presidente de la Rep\u00fablica), Luis Abinader, que ha dado la espalda a las dif\u00edciles realidades que vive el pueblo dominicano\u00bb, se\u00f1al\u00f3 Gustavo Guzm\u00e1n, titular de Cultos del PLD.<\/p>\n<p>Guzm\u00e1n destac\u00f3 \u00abel contenido de las interpretaciones de los sacerdotes, monjas y laicos a las \u00faltimas frases pronunciadas por Jes\u00fas en la cruz, antes de morir\u00bb, indic\u00f3 el PLD en un comunicado.<\/p>\n<p>Asimismo, el titular del partido \u00abse identific\u00f3 con los pronunciamientos en contra de la corrupci\u00f3n administrativa, el colapso de los hospitales y el sistema de salud, las limitaciones para resolver los problemas del tr\u00e1nsito, el desorden con el medio ambiente, entre otros puntos de las cr\u00edticas de la iglesia\u00bb.<\/p>\n<p>\u00abOtro punto certero en la cr\u00edtica de parte de la iglesia es el de los feminicidios y de la violencia en contra de la mujer, es un tema que debe ser tomado en cuenta por el Gobierno, que ha olvidado todo\u00bb, explic\u00f3 Guzm\u00e1n.<\/p>\n<p>Adem\u00e1s, calific\u00f3 de \u00abcertero y oportuno el llamado de la Iglesia Cat\u00f3lica al Gobierno en procura de comenzar a buscar correctivos a los males denunciados en la tradicional ceremonia del Viernes Santo\u00bb.<\/p>\n","protected":false},"excerpt":{"rendered":"<p>SANTO DOMINGO.- El opositor Partido de la Liberaci\u00f3n Dominicana (PLD) a trav\u00e9s de su Secretar\u00eda de Cultos mostr\u00f3 su \u00abidentificaci\u00f3n\u00bb con el mensaje de la Iglesia Cat\u00f3lica en el Serm\u00f3n&hellip; <\/p>\n","protected":false},"author":1,"featured_media":7978,"comment_status":"closed","ping_status":"closed","sticky":false,"template":"","format":"standard","meta":{"fifu_image_url":"https:\/\/proceso.com.do\/wp-content\/uploads\/2026\/04\/sacerdotesssss-650x400.webp","fifu_image_alt":"","footnotes":""},"categories":[12],"tags":[],"class_list":["post-7974","post","type-post","status-publish","format-standard","has-post-thumbnail","hentry","category-agenda-politica"],"_links":{"self":[{"href":"https:\/\/elmundodelapolitica.com\/v1\/wp-json\/wp\/v2\/posts\/7974","targetHints":{"allow":["GET"]}}],"collection":[{"href":"https:\/\/elmundodelapolitica.com\/v1\/wp-json\/wp\/v2\/posts"}],"about":[{"href":"https:\/\/elmundodelapolitica.com\/v1\/wp-json\/wp\/v2\/types\/post"}],"author":[{"embeddable":true,"href":"https:\/\/elmundodelapolitica.com\/v1\/wp-json\/wp\/v2\/users\/1"}],"replies":[{"embeddable":true,"href":"https:\/\/elmundodelapolitica.com\/v1\/wp-json\/wp\/v2\/comments?post=7974"}],"version-history":[{"count":1,"href":"https:\/\/elmundodelapolitica.com\/v1\/wp-json\/wp\/v2\/posts\/7974\/revisions"}],"predecessor-version":[{"id":7977,"href":"https:\/\/elmundodelapolitica.com\/v1\/wp-json\/wp\/v2\/posts\/7974\/revisions\/7977"}],"wp:featuredmedia":[{"embeddable":true,"href":"https:\/\/elmundodelapolitica.com\/v1\/wp-json\/wp\/v2\/media\/7978"}],"wp:attachment":[{"href":"https:\/\/elmundodelapolitica.com\/v1\/wp-json\/wp\/v2\/media?parent=7974"}],"wp:term":[{"taxonomy":"category","embeddable":true,"href":"https:\/\/elmundodelapolitica.com\/v1\/wp-json\/wp\/v2\/categories?post=7974"},{"taxonomy":"post_tag","embeddable":true,"href":"https:\/\/elmundodelapolitica.com\/v1\/wp-json\/wp\/v2\/tags?post=7974"}],"curies":[{"name":"wp","href":"https:\/\/api.w.org\/{rel}","templated":true}]}}