{"id":7967,"date":"2026-04-02T03:03:02","date_gmt":"2026-04-02T07:03:02","guid":{"rendered":"https:\/\/elmundodelapolitica.com\/v1\/presidente-luis-abinader-promulgo-la-ley-13-26-que-elimina-las-candidaturas-independientes\/"},"modified":"2026-04-06T14:47:52","modified_gmt":"2026-04-06T18:47:52","slug":"presidente-luis-abinader-promulgo-la-ley-13-26-que-elimina-las-candidaturas-independientes","status":"publish","type":"post","link":"https:\/\/elmundodelapolitica.com\/v1\/presidente-luis-abinader-promulgo-la-ley-13-26-que-elimina-las-candidaturas-independientes\/","title":{"rendered":"Presidente Luis Abinader promulg\u00f3 la Ley 13-26 que elimina las candidaturas independientes"},"content":{"rendered":"<p>El presidente <strong>Luis Abinader<\/strong>\u00a0promulg\u00f3 la<strong>\u00a0Ley 13-26\u00a0<\/strong>que elimina las candidaturas independientes a trav\u00e9s de la modificaci\u00f3n de art\u00edculos de la\u00a0<strong>Ley Org\u00e1nica del R\u00e9gimen Electoral 20-23<\/strong>.<\/p>\n<p>La pieza legislativa hab\u00eda sido\u00a0<strong>convertida en ley el 24 de marzo<\/strong>\u00a0pasado por la C\u00e1mara de Diputados. La misma deroga los art\u00edculos 156, 157 y 158 de la Ley Org\u00e1nica del R\u00e9gimen Electoral 20-23, con el objetivo de<strong>\u00a0ajustar la normativa<\/strong>\u00a0a lo que el Congreso considera la realidad constitucional del pa\u00eds.<\/p>\n<p>Los cambios hab\u00edan sido gestados en el <strong>Senado<\/strong>, acogiendo sin modificaciones el proyecto aprobado por los senadores. La iniciativa suprime de forma definitiva los mecanismos que permit\u00edan a ciudadanos postularse a cargos de elecci\u00f3n popular\u00a0<strong>sin el aval de un partido pol\u00edtico reconocido<\/strong>.<\/p>\n<p>En ese contexto el ex candidato independiente\u00a0<strong>Alberto Fiallo<\/strong>, advirti\u00f3 que el\u00a0<strong>Congreso Nacional<\/strong>\u00a0incurre en un \u00ab<em><strong>peligroso desacato institucional<\/strong><\/em>\u00bb al aprobar la eliminaci\u00f3n de las<strong>\u00a0candidaturas independientes<\/strong>. \u00abNo es tan sencillo como no escuchar al tribunal. Esto\u00a0<strong>es un enfrentamiento directo con el Constitucional<\/strong>\u00a0y eso s\u00ed es un\u00a0<strong>atentado contra la democracia<\/strong>\u00ab, advirti\u00f3 el abogado Fiallo.<\/p>\n","protected":false},"excerpt":{"rendered":"<p>El presidente Luis Abinader\u00a0promulg\u00f3 la\u00a0Ley 13-26\u00a0que elimina las candidaturas independientes a trav\u00e9s de la modificaci\u00f3n de art\u00edculos de la\u00a0Ley Org\u00e1nica del R\u00e9gimen Electoral 20-23. La pieza legislativa hab\u00eda sido\u00a0convertida en&hellip; <\/p>\n","protected":false},"author":1,"featured_media":7981,"comment_status":"closed","ping_status":"closed","sticky":false,"template":"","format":"standard","meta":{"fifu_image_url":"https:\/\/i0.wp.com\/rnn.com.do\/wp-content\/uploads\/2026\/03\/WhatsApp-Image-2026-03-18-at-11.41.07-AM.jpeg?resize=696%2C519&ssl=1","fifu_image_alt":"","footnotes":""},"categories":[17],"tags":[],"class_list":["post-7967","post","type-post","status-publish","format-standard","has-post-thumbnail","hentry","category-politica"],"_links":{"self":[{"href":"https:\/\/elmundodelapolitica.com\/v1\/wp-json\/wp\/v2\/posts\/7967","targetHints":{"allow":["GET"]}}],"collection":[{"href":"https:\/\/elmundodelapolitica.com\/v1\/wp-json\/wp\/v2\/posts"}],"about":[{"href":"https:\/\/elmundodelapolitica.com\/v1\/wp-json\/wp\/v2\/types\/post"}],"author":[{"embeddable":true,"href":"https:\/\/elmundodelapolitica.com\/v1\/wp-json\/wp\/v2\/users\/1"}],"replies":[{"embeddable":true,"href":"https:\/\/elmundodelapolitica.com\/v1\/wp-json\/wp\/v2\/comments?post=7967"}],"version-history":[{"count":1,"href":"https:\/\/elmundodelapolitica.com\/v1\/wp-json\/wp\/v2\/posts\/7967\/revisions"}],"predecessor-version":[{"id":7980,"href":"https:\/\/elmundodelapolitica.com\/v1\/wp-json\/wp\/v2\/posts\/7967\/revisions\/7980"}],"wp:featuredmedia":[{"embeddable":true,"href":"https:\/\/elmundodelapolitica.com\/v1\/wp-json\/wp\/v2\/media\/7981"}],"wp:attachment":[{"href":"https:\/\/elmundodelapolitica.com\/v1\/wp-json\/wp\/v2\/media?parent=7967"}],"wp:term":[{"taxonomy":"category","embeddable":true,"href":"https:\/\/elmundodelapolitica.com\/v1\/wp-json\/wp\/v2\/categories?post=7967"},{"taxonomy":"post_tag","embeddable":true,"href":"https:\/\/elmundodelapolitica.com\/v1\/wp-json\/wp\/v2\/tags?post=7967"}],"curies":[{"name":"wp","href":"https:\/\/api.w.org\/{rel}","templated":true}]}}