{"id":7965,"date":"2026-04-06T14:52:13","date_gmt":"2026-04-06T18:52:13","guid":{"rendered":"https:\/\/elmundodelapolitica.com\/v1\/?p=7965"},"modified":"2026-04-06T14:52:14","modified_gmt":"2026-04-06T18:52:14","slug":"presidente-abinader-promulga-ley-que-prohibe-candidaturas-independientes","status":"publish","type":"post","link":"https:\/\/elmundodelapolitica.com\/v1\/presidente-abinader-promulga-ley-que-prohibe-candidaturas-independientes\/","title":{"rendered":"Presidente Abinader promulga ley que proh\u00edbe candidaturas independientes"},"content":{"rendered":"<p>SANTO DOMINGO. -El presidente Luis Abinader promulg\u00f3 la Ley n\u00fam. 13-26, aprobada por el Congreso Nacional relativa a la normativa electoral del pa\u00eds.<\/p>\n<p>La referida ley, deroga los art\u00edculos 156, 157 y 158 de la Ley 20-23, que contemplaban postulaciones fuera de los partidos pol\u00edticos reconocidos por las legislaciones electorales vigentes en nuestro pa\u00eds.<\/p>\n<p>La medida responde a la sentencia TC\/0788\/24 del Tribunal Constitucional, que declar\u00f3 inconstitucional el r\u00e9gimen previo por considerar desproporcionados los requisitos establecidos.<\/p>\n<p>La ley establece que las postulaciones a cargos de elecci\u00f3n popular quedan reservadas a partidos, agrupaciones y movimientos pol\u00edticos, conforme a la Constituci\u00f3n vigente.<\/p>\n<p>\u201cQue los partidos, agrupaciones y movimientos pol\u00edticos constituyen las modalidades exclusivas de la participaci\u00f3n pol\u00edtica, entendida como el proceso hacia la elecci\u00f3n de las autoridades electivas en las distintas instancias y ramas del gobierno\u201d, dice textualmente el documento.<\/p>\n<p>El texto legal argumenta que permitir candidaturas independientes generar\u00eda conflictos en aspectos como la suplencia de cargos y la organizaci\u00f3n institucional del sistema pol\u00edtico.<\/p>\n<p>La disposici\u00f3n fue promulgada por el presidente Luis Abinader el 26 de marzo de 2026 y entr\u00f3 en vigencia tras su publicaci\u00f3n oficial.<\/p>\n","protected":false},"excerpt":{"rendered":"<p>SANTO DOMINGO. -El presidente Luis Abinader promulg\u00f3 la Ley n\u00fam. 13-26, aprobada por el Congreso Nacional relativa a la normativa electoral del pa\u00eds. La referida ley, deroga los art\u00edculos 156,&hellip; <\/p>\n","protected":false},"author":1,"featured_media":7986,"comment_status":"closed","ping_status":"closed","sticky":false,"template":"","format":"standard","meta":{"fifu_image_url":"https:\/\/i0.wp.com\/rnn.com.do\/wp-content\/uploads\/2026\/03\/Oax1OqiM6Foa8sbT7mIKgGF0_20240626_2410.jpeg?resize=696%2C464&ssl=1","fifu_image_alt":"","footnotes":""},"categories":[12],"tags":[],"class_list":["post-7965","post","type-post","status-publish","format-standard","has-post-thumbnail","hentry","category-agenda-politica"],"_links":{"self":[{"href":"https:\/\/elmundodelapolitica.com\/v1\/wp-json\/wp\/v2\/posts\/7965","targetHints":{"allow":["GET"]}}],"collection":[{"href":"https:\/\/elmundodelapolitica.com\/v1\/wp-json\/wp\/v2\/posts"}],"about":[{"href":"https:\/\/elmundodelapolitica.com\/v1\/wp-json\/wp\/v2\/types\/post"}],"author":[{"embeddable":true,"href":"https:\/\/elmundodelapolitica.com\/v1\/wp-json\/wp\/v2\/users\/1"}],"replies":[{"embeddable":true,"href":"https:\/\/elmundodelapolitica.com\/v1\/wp-json\/wp\/v2\/comments?post=7965"}],"version-history":[{"count":1,"href":"https:\/\/elmundodelapolitica.com\/v1\/wp-json\/wp\/v2\/posts\/7965\/revisions"}],"predecessor-version":[{"id":7985,"href":"https:\/\/elmundodelapolitica.com\/v1\/wp-json\/wp\/v2\/posts\/7965\/revisions\/7985"}],"wp:featuredmedia":[{"embeddable":true,"href":"https:\/\/elmundodelapolitica.com\/v1\/wp-json\/wp\/v2\/media\/7986"}],"wp:attachment":[{"href":"https:\/\/elmundodelapolitica.com\/v1\/wp-json\/wp\/v2\/media?parent=7965"}],"wp:term":[{"taxonomy":"category","embeddable":true,"href":"https:\/\/elmundodelapolitica.com\/v1\/wp-json\/wp\/v2\/categories?post=7965"},{"taxonomy":"post_tag","embeddable":true,"href":"https:\/\/elmundodelapolitica.com\/v1\/wp-json\/wp\/v2\/tags?post=7965"}],"curies":[{"name":"wp","href":"https:\/\/api.w.org\/{rel}","templated":true}]}}