{"id":7922,"date":"2026-03-26T03:00:49","date_gmt":"2026-03-26T07:00:49","guid":{"rendered":"https:\/\/elmundodelapolitica.com\/v1\/embajadora-de-estados-unidos-se-reune-con-el-expresidente-danilo-medina\/"},"modified":"2026-03-26T03:00:49","modified_gmt":"2026-03-26T07:00:49","slug":"embajadora-de-estados-unidos-se-reune-con-el-expresidente-danilo-medina","status":"publish","type":"post","link":"https:\/\/elmundodelapolitica.com\/v1\/embajadora-de-estados-unidos-se-reune-con-el-expresidente-danilo-medina\/","title":{"rendered":"Embajadora de Estados Unidos se re\u00fane con el expresidente Danilo Medina"},"content":{"rendered":"<div>Santo Domingo.- La embajadora de Estados Unidos en el pa\u00eds, Leah Francis Campos, se reuni\u00f3 este mi\u00e9rcoles con el expresidente Danilo Medina en la Casa Presidencial del Partido de la Liberaci\u00f3n Dominicana (PLD), en Santo Domingo, inform\u00f3 la organizaci\u00f3n opositora. Medina y Campos intercambiaron impresiones sobre la situaci\u00f3n del pa\u00eds y el fortalecimiento de la [\u2026]<\/div>\n","protected":false},"excerpt":{"rendered":"<p>Santo Domingo.- La embajadora de Estados Unidos en el pa\u00eds, Leah Francis Campos, se reuni\u00f3 este mi\u00e9rcoles con el expresidente Danilo Medina en la Casa Presidencial del Partido de la&hellip; <\/p>\n","protected":false},"author":1,"featured_media":0,"comment_status":"closed","ping_status":"closed","sticky":false,"template":"","format":"standard","meta":{"fifu_image_url":"","fifu_image_alt":"","footnotes":""},"categories":[17],"tags":[],"class_list":["post-7922","post","type-post","status-publish","format-standard","hentry","category-politica"],"_links":{"self":[{"href":"https:\/\/elmundodelapolitica.com\/v1\/wp-json\/wp\/v2\/posts\/7922","targetHints":{"allow":["GET"]}}],"collection":[{"href":"https:\/\/elmundodelapolitica.com\/v1\/wp-json\/wp\/v2\/posts"}],"about":[{"href":"https:\/\/elmundodelapolitica.com\/v1\/wp-json\/wp\/v2\/types\/post"}],"author":[{"embeddable":true,"href":"https:\/\/elmundodelapolitica.com\/v1\/wp-json\/wp\/v2\/users\/1"}],"replies":[{"embeddable":true,"href":"https:\/\/elmundodelapolitica.com\/v1\/wp-json\/wp\/v2\/comments?post=7922"}],"version-history":[{"count":0,"href":"https:\/\/elmundodelapolitica.com\/v1\/wp-json\/wp\/v2\/posts\/7922\/revisions"}],"wp:attachment":[{"href":"https:\/\/elmundodelapolitica.com\/v1\/wp-json\/wp\/v2\/media?parent=7922"}],"wp:term":[{"taxonomy":"category","embeddable":true,"href":"https:\/\/elmundodelapolitica.com\/v1\/wp-json\/wp\/v2\/categories?post=7922"},{"taxonomy":"post_tag","embeddable":true,"href":"https:\/\/elmundodelapolitica.com\/v1\/wp-json\/wp\/v2\/tags?post=7922"}],"curies":[{"name":"wp","href":"https:\/\/api.w.org\/{rel}","templated":true}]}}