{"id":7921,"date":"2026-03-26T03:00:49","date_gmt":"2026-03-26T07:00:49","guid":{"rendered":"https:\/\/elmundodelapolitica.com\/v1\/sociedad-civil-y-congresistas-piden-promulgacion-ley-que-elimina-candidaturas-independientes\/"},"modified":"2026-03-26T03:00:49","modified_gmt":"2026-03-26T07:00:49","slug":"sociedad-civil-y-congresistas-piden-promulgacion-ley-que-elimina-candidaturas-independientes","status":"publish","type":"post","link":"https:\/\/elmundodelapolitica.com\/v1\/sociedad-civil-y-congresistas-piden-promulgacion-ley-que-elimina-candidaturas-independientes\/","title":{"rendered":"Sociedad Civil y congresistas piden promulgaci\u00f3n ley que elimina candidaturas independientes"},"content":{"rendered":"<div>Representantes de la sociedad civil y del Congreso pidieron al Poder Ejecutivo promulgar las modificaciones a la Ley de Partidos, Agrupaciones y Movimientos Pol\u00edticos que eliminan las candidaturas independientes, pues entienden que se estar\u00eda corrigiendo as\u00ed lo que consideran un error del Tribunal Constitucional y los efectos nocivos que su sentencia implica para el sistema [\u2026]<\/div>\n","protected":false},"excerpt":{"rendered":"<p>Representantes de la sociedad civil y del Congreso pidieron al Poder Ejecutivo promulgar las modificaciones a la Ley de Partidos, Agrupaciones y Movimientos Pol\u00edticos que eliminan las candidaturas independientes, pues&hellip; <\/p>\n","protected":false},"author":1,"featured_media":0,"comment_status":"closed","ping_status":"closed","sticky":false,"template":"","format":"standard","meta":{"fifu_image_url":"","fifu_image_alt":"","footnotes":""},"categories":[17],"tags":[],"class_list":["post-7921","post","type-post","status-publish","format-standard","hentry","category-politica"],"_links":{"self":[{"href":"https:\/\/elmundodelapolitica.com\/v1\/wp-json\/wp\/v2\/posts\/7921","targetHints":{"allow":["GET"]}}],"collection":[{"href":"https:\/\/elmundodelapolitica.com\/v1\/wp-json\/wp\/v2\/posts"}],"about":[{"href":"https:\/\/elmundodelapolitica.com\/v1\/wp-json\/wp\/v2\/types\/post"}],"author":[{"embeddable":true,"href":"https:\/\/elmundodelapolitica.com\/v1\/wp-json\/wp\/v2\/users\/1"}],"replies":[{"embeddable":true,"href":"https:\/\/elmundodelapolitica.com\/v1\/wp-json\/wp\/v2\/comments?post=7921"}],"version-history":[{"count":0,"href":"https:\/\/elmundodelapolitica.com\/v1\/wp-json\/wp\/v2\/posts\/7921\/revisions"}],"wp:attachment":[{"href":"https:\/\/elmundodelapolitica.com\/v1\/wp-json\/wp\/v2\/media?parent=7921"}],"wp:term":[{"taxonomy":"category","embeddable":true,"href":"https:\/\/elmundodelapolitica.com\/v1\/wp-json\/wp\/v2\/categories?post=7921"},{"taxonomy":"post_tag","embeddable":true,"href":"https:\/\/elmundodelapolitica.com\/v1\/wp-json\/wp\/v2\/tags?post=7921"}],"curies":[{"name":"wp","href":"https:\/\/api.w.org\/{rel}","templated":true}]}}