{"id":7915,"date":"2026-03-25T03:02:05","date_gmt":"2026-03-25T07:02:05","guid":{"rendered":"https:\/\/elmundodelapolitica.com\/v1\/diputados-convierten-en-ley-eliminacion-de-candidaturas-independiente\/"},"modified":"2026-03-25T03:02:05","modified_gmt":"2026-03-25T07:02:05","slug":"diputados-convierten-en-ley-eliminacion-de-candidaturas-independiente","status":"publish","type":"post","link":"https:\/\/elmundodelapolitica.com\/v1\/diputados-convierten-en-ley-eliminacion-de-candidaturas-independiente\/","title":{"rendered":"Diputados convierten en ley eliminaci\u00f3n de candidaturas independiente"},"content":{"rendered":"<div>La C\u00e1mara de Diputados de la Rep\u00fablica Dominicana convirti\u00f3 en ley el proyecto que elimina las candidaturas independientes, tras aprobarlo en segunda lectura este 24 de marzo de 2026. La pieza legislativa deroga los art\u00edculos 156, 157 y 158 de la Ley Org\u00e1nica del R\u00e9gimen Electoral 20-23, con el objetivo de ajustar la normativa a [\u2026]<\/div>\n","protected":false},"excerpt":{"rendered":"<p>La C\u00e1mara de Diputados de la Rep\u00fablica Dominicana convirti\u00f3 en ley el proyecto que elimina las candidaturas independientes, tras aprobarlo en segunda lectura este 24 de marzo de 2026. La&hellip; <\/p>\n","protected":false},"author":1,"featured_media":0,"comment_status":"closed","ping_status":"closed","sticky":false,"template":"","format":"standard","meta":{"fifu_image_url":"","fifu_image_alt":"","footnotes":""},"categories":[17],"tags":[],"class_list":["post-7915","post","type-post","status-publish","format-standard","hentry","category-politica"],"_links":{"self":[{"href":"https:\/\/elmundodelapolitica.com\/v1\/wp-json\/wp\/v2\/posts\/7915","targetHints":{"allow":["GET"]}}],"collection":[{"href":"https:\/\/elmundodelapolitica.com\/v1\/wp-json\/wp\/v2\/posts"}],"about":[{"href":"https:\/\/elmundodelapolitica.com\/v1\/wp-json\/wp\/v2\/types\/post"}],"author":[{"embeddable":true,"href":"https:\/\/elmundodelapolitica.com\/v1\/wp-json\/wp\/v2\/users\/1"}],"replies":[{"embeddable":true,"href":"https:\/\/elmundodelapolitica.com\/v1\/wp-json\/wp\/v2\/comments?post=7915"}],"version-history":[{"count":0,"href":"https:\/\/elmundodelapolitica.com\/v1\/wp-json\/wp\/v2\/posts\/7915\/revisions"}],"wp:attachment":[{"href":"https:\/\/elmundodelapolitica.com\/v1\/wp-json\/wp\/v2\/media?parent=7915"}],"wp:term":[{"taxonomy":"category","embeddable":true,"href":"https:\/\/elmundodelapolitica.com\/v1\/wp-json\/wp\/v2\/categories?post=7915"},{"taxonomy":"post_tag","embeddable":true,"href":"https:\/\/elmundodelapolitica.com\/v1\/wp-json\/wp\/v2\/tags?post=7915"}],"curies":[{"name":"wp","href":"https:\/\/api.w.org\/{rel}","templated":true}]}}