{"id":7898,"date":"2026-03-24T03:04:05","date_gmt":"2026-03-24T07:04:05","guid":{"rendered":"https:\/\/elmundodelapolitica.com\/v1\/pld-propone-al-gobierno-un-plan-de-austeridad-para-enfrentar-crisis-internacional\/"},"modified":"2026-03-24T03:04:05","modified_gmt":"2026-03-24T07:04:05","slug":"pld-propone-al-gobierno-un-plan-de-austeridad-para-enfrentar-crisis-internacional","status":"publish","type":"post","link":"https:\/\/elmundodelapolitica.com\/v1\/pld-propone-al-gobierno-un-plan-de-austeridad-para-enfrentar-crisis-internacional\/","title":{"rendered":"PLD propone al Gobierno un plan de austeridad para enfrentar crisis internacional"},"content":{"rendered":"<div>SANTO DOMINGO.- El Partido de la Liberaci\u00f3n Dominicana (PLD) solicit\u00f3 hoy al Gobierno la implementaci\u00f3n de un plan nacional de austeridad que permita al Estado compartir el sacrificio econ\u00f3mico derivado de la crisis internacional generada tras la guerra en Medio Oriente. La organizaci\u00f3n opositora advirti\u00f3 que la carga del aumento de precios no puede recaer [\u2026]<\/div>\n","protected":false},"excerpt":{"rendered":"<p>SANTO DOMINGO.- El Partido de la Liberaci\u00f3n Dominicana (PLD) solicit\u00f3 hoy al Gobierno la implementaci\u00f3n de un plan nacional de austeridad que permita al Estado compartir el sacrificio econ\u00f3mico derivado&hellip; <\/p>\n","protected":false},"author":1,"featured_media":0,"comment_status":"closed","ping_status":"closed","sticky":false,"template":"","format":"standard","meta":{"fifu_image_url":"","fifu_image_alt":"","footnotes":""},"categories":[17],"tags":[],"class_list":["post-7898","post","type-post","status-publish","format-standard","hentry","category-politica"],"_links":{"self":[{"href":"https:\/\/elmundodelapolitica.com\/v1\/wp-json\/wp\/v2\/posts\/7898","targetHints":{"allow":["GET"]}}],"collection":[{"href":"https:\/\/elmundodelapolitica.com\/v1\/wp-json\/wp\/v2\/posts"}],"about":[{"href":"https:\/\/elmundodelapolitica.com\/v1\/wp-json\/wp\/v2\/types\/post"}],"author":[{"embeddable":true,"href":"https:\/\/elmundodelapolitica.com\/v1\/wp-json\/wp\/v2\/users\/1"}],"replies":[{"embeddable":true,"href":"https:\/\/elmundodelapolitica.com\/v1\/wp-json\/wp\/v2\/comments?post=7898"}],"version-history":[{"count":0,"href":"https:\/\/elmundodelapolitica.com\/v1\/wp-json\/wp\/v2\/posts\/7898\/revisions"}],"wp:attachment":[{"href":"https:\/\/elmundodelapolitica.com\/v1\/wp-json\/wp\/v2\/media?parent=7898"}],"wp:term":[{"taxonomy":"category","embeddable":true,"href":"https:\/\/elmundodelapolitica.com\/v1\/wp-json\/wp\/v2\/categories?post=7898"},{"taxonomy":"post_tag","embeddable":true,"href":"https:\/\/elmundodelapolitica.com\/v1\/wp-json\/wp\/v2\/tags?post=7898"}],"curies":[{"name":"wp","href":"https:\/\/api.w.org\/{rel}","templated":true}]}}