{"id":7897,"date":"2026-03-24T03:04:04","date_gmt":"2026-03-24T07:04:04","guid":{"rendered":"https:\/\/elmundodelapolitica.com\/v1\/piden-incluir-a-partidos-y-movimientos-como-sujetos-obligados-en-sistema-anti-lavado\/"},"modified":"2026-03-24T03:04:04","modified_gmt":"2026-03-24T07:04:04","slug":"piden-incluir-a-partidos-y-movimientos-como-sujetos-obligados-en-sistema-anti-lavado","status":"publish","type":"post","link":"https:\/\/elmundodelapolitica.com\/v1\/piden-incluir-a-partidos-y-movimientos-como-sujetos-obligados-en-sistema-anti-lavado\/","title":{"rendered":"Piden incluir a partidos y movimientos como sujetos obligados en sistema anti-lavado"},"content":{"rendered":"<div>La Coalici\u00f3n por la Transparencia del Financiamiento Pol\u00edtico pidi\u00f3 al Comit\u00e9 Nacional contra el Lavado de Activos, que incluya a partidos, candidatos y movimientos como sujetos obligados dentro del sistema antilavado. Con esta petici\u00f3n sectores de la sociedad civil vuelven a poner el dedo en la llaga advirtiendo que el sistema dominicano a\u00fan tiene grietas [\u2026]<\/div>\n","protected":false},"excerpt":{"rendered":"<p>La Coalici\u00f3n por la Transparencia del Financiamiento Pol\u00edtico pidi\u00f3 al Comit\u00e9 Nacional contra el Lavado de Activos, que incluya a partidos, candidatos y movimientos como sujetos obligados dentro del sistema&hellip; <\/p>\n","protected":false},"author":1,"featured_media":0,"comment_status":"closed","ping_status":"closed","sticky":false,"template":"","format":"standard","meta":{"fifu_image_url":"","fifu_image_alt":"","footnotes":""},"categories":[17],"tags":[],"class_list":["post-7897","post","type-post","status-publish","format-standard","hentry","category-politica"],"_links":{"self":[{"href":"https:\/\/elmundodelapolitica.com\/v1\/wp-json\/wp\/v2\/posts\/7897","targetHints":{"allow":["GET"]}}],"collection":[{"href":"https:\/\/elmundodelapolitica.com\/v1\/wp-json\/wp\/v2\/posts"}],"about":[{"href":"https:\/\/elmundodelapolitica.com\/v1\/wp-json\/wp\/v2\/types\/post"}],"author":[{"embeddable":true,"href":"https:\/\/elmundodelapolitica.com\/v1\/wp-json\/wp\/v2\/users\/1"}],"replies":[{"embeddable":true,"href":"https:\/\/elmundodelapolitica.com\/v1\/wp-json\/wp\/v2\/comments?post=7897"}],"version-history":[{"count":0,"href":"https:\/\/elmundodelapolitica.com\/v1\/wp-json\/wp\/v2\/posts\/7897\/revisions"}],"wp:attachment":[{"href":"https:\/\/elmundodelapolitica.com\/v1\/wp-json\/wp\/v2\/media?parent=7897"}],"wp:term":[{"taxonomy":"category","embeddable":true,"href":"https:\/\/elmundodelapolitica.com\/v1\/wp-json\/wp\/v2\/categories?post=7897"},{"taxonomy":"post_tag","embeddable":true,"href":"https:\/\/elmundodelapolitica.com\/v1\/wp-json\/wp\/v2\/tags?post=7897"}],"curies":[{"name":"wp","href":"https:\/\/api.w.org\/{rel}","templated":true}]}}