{"id":7896,"date":"2026-03-24T03:04:04","date_gmt":"2026-03-24T07:04:04","guid":{"rendered":"https:\/\/elmundodelapolitica.com\/v1\/leonel-fernandez-responde-a-alocucion-de-abinader-el-pais-no-necesita-advertencias-sino-soluciones\/"},"modified":"2026-03-24T03:04:04","modified_gmt":"2026-03-24T07:04:04","slug":"leonel-fernandez-responde-a-alocucion-de-abinader-el-pais-no-necesita-advertencias-sino-soluciones","status":"publish","type":"post","link":"https:\/\/elmundodelapolitica.com\/v1\/leonel-fernandez-responde-a-alocucion-de-abinader-el-pais-no-necesita-advertencias-sino-soluciones\/","title":{"rendered":"Leonel Fern\u00e1ndez responde a alocuci\u00f3n de Abinader: \u201cEl pa\u00eds no necesita advertencias sino soluciones\u201d"},"content":{"rendered":"<div>El expresidente de la Rep\u00fablica y l\u00edder de la oposici\u00f3n, Leonel Fern\u00e1ndez, respondi\u00f3 a la reciente alocuci\u00f3n del presidente Luis Abinader asegurando que el pa\u00eds no requiere advertencias ni explicaciones, sino soluciones concretas frente al impacto del alza internacional del petr\u00f3leo en la econom\u00eda nacional.<\/div>\n","protected":false},"excerpt":{"rendered":"<p>El expresidente de la Rep\u00fablica y l\u00edder de la oposici\u00f3n, Leonel Fern\u00e1ndez, respondi\u00f3 a la reciente alocuci\u00f3n del presidente Luis Abinader asegurando que el pa\u00eds no requiere advertencias ni explicaciones,&hellip; <\/p>\n","protected":false},"author":1,"featured_media":0,"comment_status":"closed","ping_status":"closed","sticky":false,"template":"","format":"standard","meta":{"fifu_image_url":"","fifu_image_alt":"","footnotes":""},"categories":[17],"tags":[],"class_list":["post-7896","post","type-post","status-publish","format-standard","hentry","category-politica"],"_links":{"self":[{"href":"https:\/\/elmundodelapolitica.com\/v1\/wp-json\/wp\/v2\/posts\/7896","targetHints":{"allow":["GET"]}}],"collection":[{"href":"https:\/\/elmundodelapolitica.com\/v1\/wp-json\/wp\/v2\/posts"}],"about":[{"href":"https:\/\/elmundodelapolitica.com\/v1\/wp-json\/wp\/v2\/types\/post"}],"author":[{"embeddable":true,"href":"https:\/\/elmundodelapolitica.com\/v1\/wp-json\/wp\/v2\/users\/1"}],"replies":[{"embeddable":true,"href":"https:\/\/elmundodelapolitica.com\/v1\/wp-json\/wp\/v2\/comments?post=7896"}],"version-history":[{"count":0,"href":"https:\/\/elmundodelapolitica.com\/v1\/wp-json\/wp\/v2\/posts\/7896\/revisions"}],"wp:attachment":[{"href":"https:\/\/elmundodelapolitica.com\/v1\/wp-json\/wp\/v2\/media?parent=7896"}],"wp:term":[{"taxonomy":"category","embeddable":true,"href":"https:\/\/elmundodelapolitica.com\/v1\/wp-json\/wp\/v2\/categories?post=7896"},{"taxonomy":"post_tag","embeddable":true,"href":"https:\/\/elmundodelapolitica.com\/v1\/wp-json\/wp\/v2\/tags?post=7896"}],"curies":[{"name":"wp","href":"https:\/\/api.w.org\/{rel}","templated":true}]}}