{"id":7881,"date":"2026-03-22T03:05:11","date_gmt":"2026-03-22T07:05:11","guid":{"rendered":"https:\/\/elmundodelapolitica.com\/v1\/fuerza-del-pueblo-califica-de-preocupante-subida-de-combustibles-y-denuncia-falta-de-transparencia\/"},"modified":"2026-03-22T03:05:11","modified_gmt":"2026-03-22T07:05:11","slug":"fuerza-del-pueblo-califica-de-preocupante-subida-de-combustibles-y-denuncia-falta-de-transparencia","status":"publish","type":"post","link":"https:\/\/elmundodelapolitica.com\/v1\/fuerza-del-pueblo-califica-de-preocupante-subida-de-combustibles-y-denuncia-falta-de-transparencia\/","title":{"rendered":"Fuerza del Pueblo califica de preocupante subida de combustibles y denuncia falta de transparencia"},"content":{"rendered":"<div>El partido pol\u00edtico La Fuerza del Pueblo calific\u00f3 este s\u00e1bado como preocupante la reciente subida en los carburantes y denunci\u00f3 que el problema de fondo radica en la falta de transparencia en la metodolog\u00eda utilizada para fijar los precios.\u00a0<\/div>\n","protected":false},"excerpt":{"rendered":"<p>El partido pol\u00edtico La Fuerza del Pueblo calific\u00f3 este s\u00e1bado como preocupante la reciente subida en los carburantes y denunci\u00f3 que el problema de fondo radica en la falta de&hellip; <\/p>\n","protected":false},"author":1,"featured_media":0,"comment_status":"closed","ping_status":"closed","sticky":false,"template":"","format":"standard","meta":{"fifu_image_url":"","fifu_image_alt":"","footnotes":""},"categories":[17],"tags":[],"class_list":["post-7881","post","type-post","status-publish","format-standard","hentry","category-politica"],"_links":{"self":[{"href":"https:\/\/elmundodelapolitica.com\/v1\/wp-json\/wp\/v2\/posts\/7881","targetHints":{"allow":["GET"]}}],"collection":[{"href":"https:\/\/elmundodelapolitica.com\/v1\/wp-json\/wp\/v2\/posts"}],"about":[{"href":"https:\/\/elmundodelapolitica.com\/v1\/wp-json\/wp\/v2\/types\/post"}],"author":[{"embeddable":true,"href":"https:\/\/elmundodelapolitica.com\/v1\/wp-json\/wp\/v2\/users\/1"}],"replies":[{"embeddable":true,"href":"https:\/\/elmundodelapolitica.com\/v1\/wp-json\/wp\/v2\/comments?post=7881"}],"version-history":[{"count":0,"href":"https:\/\/elmundodelapolitica.com\/v1\/wp-json\/wp\/v2\/posts\/7881\/revisions"}],"wp:attachment":[{"href":"https:\/\/elmundodelapolitica.com\/v1\/wp-json\/wp\/v2\/media?parent=7881"}],"wp:term":[{"taxonomy":"category","embeddable":true,"href":"https:\/\/elmundodelapolitica.com\/v1\/wp-json\/wp\/v2\/categories?post=7881"},{"taxonomy":"post_tag","embeddable":true,"href":"https:\/\/elmundodelapolitica.com\/v1\/wp-json\/wp\/v2\/tags?post=7881"}],"curies":[{"name":"wp","href":"https:\/\/api.w.org\/{rel}","templated":true}]}}