{"id":7871,"date":"2026-03-20T03:03:34","date_gmt":"2026-03-20T07:03:34","guid":{"rendered":"https:\/\/elmundodelapolitica.com\/v1\/rd-lleva-seis-anos-entre-las-democracias-que-siguen-avanzando-segun-informe-internacional\/"},"modified":"2026-03-20T03:03:34","modified_gmt":"2026-03-20T07:03:34","slug":"rd-lleva-seis-anos-entre-las-democracias-que-siguen-avanzando-segun-informe-internacional","status":"publish","type":"post","link":"https:\/\/elmundodelapolitica.com\/v1\/rd-lleva-seis-anos-entre-las-democracias-que-siguen-avanzando-segun-informe-internacional\/","title":{"rendered":"RD lleva seis a\u00f1os entre las democracias que siguen avanzando, seg\u00fan informe internacional"},"content":{"rendered":"<div>SANTO DOMINGO.- La Rep\u00fablica Dominicana figura entre los pocos pa\u00edses del mundo que contin\u00faan profundizando su democracia, de acuerdo con el Informe sobre la Democracia 2026 del Instituto V-Dem. El estudio se\u00f1ala que el pa\u00eds acumula seis a\u00f1os consecutivos dentro de los denominados casos de \u201cdemocratizaci\u00f3n independiente\u201d, un grupo reducido de ocho naciones a nivel [\u2026]<\/div>\n","protected":false},"excerpt":{"rendered":"<p>SANTO DOMINGO.- La Rep\u00fablica Dominicana figura entre los pocos pa\u00edses del mundo que contin\u00faan profundizando su democracia, de acuerdo con el Informe sobre la Democracia 2026 del Instituto V-Dem. El&hellip; <\/p>\n","protected":false},"author":1,"featured_media":0,"comment_status":"closed","ping_status":"closed","sticky":false,"template":"","format":"standard","meta":{"fifu_image_url":"","fifu_image_alt":"","footnotes":""},"categories":[17],"tags":[],"class_list":["post-7871","post","type-post","status-publish","format-standard","hentry","category-politica"],"_links":{"self":[{"href":"https:\/\/elmundodelapolitica.com\/v1\/wp-json\/wp\/v2\/posts\/7871","targetHints":{"allow":["GET"]}}],"collection":[{"href":"https:\/\/elmundodelapolitica.com\/v1\/wp-json\/wp\/v2\/posts"}],"about":[{"href":"https:\/\/elmundodelapolitica.com\/v1\/wp-json\/wp\/v2\/types\/post"}],"author":[{"embeddable":true,"href":"https:\/\/elmundodelapolitica.com\/v1\/wp-json\/wp\/v2\/users\/1"}],"replies":[{"embeddable":true,"href":"https:\/\/elmundodelapolitica.com\/v1\/wp-json\/wp\/v2\/comments?post=7871"}],"version-history":[{"count":0,"href":"https:\/\/elmundodelapolitica.com\/v1\/wp-json\/wp\/v2\/posts\/7871\/revisions"}],"wp:attachment":[{"href":"https:\/\/elmundodelapolitica.com\/v1\/wp-json\/wp\/v2\/media?parent=7871"}],"wp:term":[{"taxonomy":"category","embeddable":true,"href":"https:\/\/elmundodelapolitica.com\/v1\/wp-json\/wp\/v2\/categories?post=7871"},{"taxonomy":"post_tag","embeddable":true,"href":"https:\/\/elmundodelapolitica.com\/v1\/wp-json\/wp\/v2\/tags?post=7871"}],"curies":[{"name":"wp","href":"https:\/\/api.w.org\/{rel}","templated":true}]}}