{"id":7856,"date":"2026-03-19T03:33:48","date_gmt":"2026-03-19T07:33:48","guid":{"rendered":"https:\/\/elmundodelapolitica.com\/v1\/diputados-aprueban-en-primera-lectura-eliminacion-candidaturas-independientes\/"},"modified":"2026-03-19T03:33:48","modified_gmt":"2026-03-19T07:33:48","slug":"diputados-aprueban-en-primera-lectura-eliminacion-candidaturas-independientes","status":"publish","type":"post","link":"https:\/\/elmundodelapolitica.com\/v1\/diputados-aprueban-en-primera-lectura-eliminacion-candidaturas-independientes\/","title":{"rendered":"Diputados aprueban en primera lectura eliminaci\u00f3n candidaturas independientes"},"content":{"rendered":"<div>La C\u00e1mara de Diputados aprob\u00f3 este mi\u00e9rcoles en primera lectura el proyecto de ley que modifica la Ley de R\u00e9gimen Electoral, para eliminar la figura de las candidaturas independientes, aunque la propuesta fue enviada a comisi\u00f3n para que sea estudiada antes de aprobarla en segunda lectura. La semana pasada el Senado hab\u00eda aprobado en dos [\u2026]<\/div>\n","protected":false},"excerpt":{"rendered":"<p>La C\u00e1mara de Diputados aprob\u00f3 este mi\u00e9rcoles en primera lectura el proyecto de ley que modifica la Ley de R\u00e9gimen Electoral, para eliminar la figura de las candidaturas independientes, aunque&hellip; <\/p>\n","protected":false},"author":1,"featured_media":0,"comment_status":"closed","ping_status":"closed","sticky":false,"template":"","format":"standard","meta":{"fifu_image_url":"","fifu_image_alt":"","footnotes":""},"categories":[17],"tags":[],"class_list":["post-7856","post","type-post","status-publish","format-standard","hentry","category-politica"],"_links":{"self":[{"href":"https:\/\/elmundodelapolitica.com\/v1\/wp-json\/wp\/v2\/posts\/7856","targetHints":{"allow":["GET"]}}],"collection":[{"href":"https:\/\/elmundodelapolitica.com\/v1\/wp-json\/wp\/v2\/posts"}],"about":[{"href":"https:\/\/elmundodelapolitica.com\/v1\/wp-json\/wp\/v2\/types\/post"}],"author":[{"embeddable":true,"href":"https:\/\/elmundodelapolitica.com\/v1\/wp-json\/wp\/v2\/users\/1"}],"replies":[{"embeddable":true,"href":"https:\/\/elmundodelapolitica.com\/v1\/wp-json\/wp\/v2\/comments?post=7856"}],"version-history":[{"count":0,"href":"https:\/\/elmundodelapolitica.com\/v1\/wp-json\/wp\/v2\/posts\/7856\/revisions"}],"wp:attachment":[{"href":"https:\/\/elmundodelapolitica.com\/v1\/wp-json\/wp\/v2\/media?parent=7856"}],"wp:term":[{"taxonomy":"category","embeddable":true,"href":"https:\/\/elmundodelapolitica.com\/v1\/wp-json\/wp\/v2\/categories?post=7856"},{"taxonomy":"post_tag","embeddable":true,"href":"https:\/\/elmundodelapolitica.com\/v1\/wp-json\/wp\/v2\/tags?post=7856"}],"curies":[{"name":"wp","href":"https:\/\/api.w.org\/{rel}","templated":true}]}}