{"id":7841,"date":"2026-03-15T03:03:54","date_gmt":"2026-03-15T07:03:54","guid":{"rendered":"https:\/\/elmundodelapolitica.com\/v1\/abel-martinez-cuestiona-detencion-del-transito-para-paso-de-funcionarios\/"},"modified":"2026-03-15T03:03:54","modified_gmt":"2026-03-15T07:03:54","slug":"abel-martinez-cuestiona-detencion-del-transito-para-paso-de-funcionarios","status":"publish","type":"post","link":"https:\/\/elmundodelapolitica.com\/v1\/abel-martinez-cuestiona-detencion-del-transito-para-paso-de-funcionarios\/","title":{"rendered":"Abel Mart\u00ednez cuestiona detenci\u00f3n del tr\u00e1nsito para paso de funcionarios"},"content":{"rendered":"<div>SANTO DOMINGO.- El exalcalde de Santiago y excandidato presidencial del PLD, Abel Mart\u00ednez, difundi\u00f3 este s\u00e1bado un video en el que cuestiona la pr\u00e1ctica de detener el tr\u00e1nsito para dar paso a funcionarios p\u00fablicos, se\u00f1alando que esta medida solo deber\u00eda aplicarse al presidente y la vicepresidenta por razones de seguridad. Mart\u00ednez asegur\u00f3 que, durante su [\u2026]<\/div>\n","protected":false},"excerpt":{"rendered":"<p>SANTO DOMINGO.- El exalcalde de Santiago y excandidato presidencial del PLD, Abel Mart\u00ednez, difundi\u00f3 este s\u00e1bado un video en el que cuestiona la pr\u00e1ctica de detener el tr\u00e1nsito para dar&hellip; <\/p>\n","protected":false},"author":1,"featured_media":0,"comment_status":"closed","ping_status":"closed","sticky":false,"template":"","format":"standard","meta":{"fifu_image_url":"","fifu_image_alt":"","footnotes":""},"categories":[17],"tags":[],"class_list":["post-7841","post","type-post","status-publish","format-standard","hentry","category-politica"],"_links":{"self":[{"href":"https:\/\/elmundodelapolitica.com\/v1\/wp-json\/wp\/v2\/posts\/7841","targetHints":{"allow":["GET"]}}],"collection":[{"href":"https:\/\/elmundodelapolitica.com\/v1\/wp-json\/wp\/v2\/posts"}],"about":[{"href":"https:\/\/elmundodelapolitica.com\/v1\/wp-json\/wp\/v2\/types\/post"}],"author":[{"embeddable":true,"href":"https:\/\/elmundodelapolitica.com\/v1\/wp-json\/wp\/v2\/users\/1"}],"replies":[{"embeddable":true,"href":"https:\/\/elmundodelapolitica.com\/v1\/wp-json\/wp\/v2\/comments?post=7841"}],"version-history":[{"count":0,"href":"https:\/\/elmundodelapolitica.com\/v1\/wp-json\/wp\/v2\/posts\/7841\/revisions"}],"wp:attachment":[{"href":"https:\/\/elmundodelapolitica.com\/v1\/wp-json\/wp\/v2\/media?parent=7841"}],"wp:term":[{"taxonomy":"category","embeddable":true,"href":"https:\/\/elmundodelapolitica.com\/v1\/wp-json\/wp\/v2\/categories?post=7841"},{"taxonomy":"post_tag","embeddable":true,"href":"https:\/\/elmundodelapolitica.com\/v1\/wp-json\/wp\/v2\/tags?post=7841"}],"curies":[{"name":"wp","href":"https:\/\/api.w.org\/{rel}","templated":true}]}}