{"id":7840,"date":"2026-03-15T03:03:54","date_gmt":"2026-03-15T07:03:54","guid":{"rendered":"https:\/\/elmundodelapolitica.com\/v1\/verifican-militancia-del-prm-en-provincias-del-cibao\/"},"modified":"2026-03-15T03:03:54","modified_gmt":"2026-03-15T07:03:54","slug":"verifican-militancia-del-prm-en-provincias-del-cibao","status":"publish","type":"post","link":"https:\/\/elmundodelapolitica.com\/v1\/verifican-militancia-del-prm-en-provincias-del-cibao\/","title":{"rendered":"Verifican militancia del PRM en provincias del Cibao"},"content":{"rendered":"<div>Las autoridades provinciales y municipales del Partido Revolucionario Moderno (PRM) en Santiago y S\u00e1nchez Ram\u00edrez, instaron a la militancia de esa organizaci\u00f3n pol\u00edtica para que participe este fin de semana en la jornada de verificaci\u00f3n y afiliaci\u00f3n como parte del Programa de Ratificaci\u00f3n y Afiliaci\u00f3n de Militantes (PRACAF). El presidente municipal de Santiago, Andr\u00e9s Cueto, [\u2026]<\/div>\n","protected":false},"excerpt":{"rendered":"<p>Las autoridades provinciales y municipales del Partido Revolucionario Moderno (PRM) en Santiago y S\u00e1nchez Ram\u00edrez, instaron a la militancia de esa organizaci\u00f3n pol\u00edtica para que participe este fin de semana&hellip; <\/p>\n","protected":false},"author":1,"featured_media":0,"comment_status":"closed","ping_status":"closed","sticky":false,"template":"","format":"standard","meta":{"fifu_image_url":"","fifu_image_alt":"","footnotes":""},"categories":[17],"tags":[],"class_list":["post-7840","post","type-post","status-publish","format-standard","hentry","category-politica"],"_links":{"self":[{"href":"https:\/\/elmundodelapolitica.com\/v1\/wp-json\/wp\/v2\/posts\/7840","targetHints":{"allow":["GET"]}}],"collection":[{"href":"https:\/\/elmundodelapolitica.com\/v1\/wp-json\/wp\/v2\/posts"}],"about":[{"href":"https:\/\/elmundodelapolitica.com\/v1\/wp-json\/wp\/v2\/types\/post"}],"author":[{"embeddable":true,"href":"https:\/\/elmundodelapolitica.com\/v1\/wp-json\/wp\/v2\/users\/1"}],"replies":[{"embeddable":true,"href":"https:\/\/elmundodelapolitica.com\/v1\/wp-json\/wp\/v2\/comments?post=7840"}],"version-history":[{"count":0,"href":"https:\/\/elmundodelapolitica.com\/v1\/wp-json\/wp\/v2\/posts\/7840\/revisions"}],"wp:attachment":[{"href":"https:\/\/elmundodelapolitica.com\/v1\/wp-json\/wp\/v2\/media?parent=7840"}],"wp:term":[{"taxonomy":"category","embeddable":true,"href":"https:\/\/elmundodelapolitica.com\/v1\/wp-json\/wp\/v2\/categories?post=7840"},{"taxonomy":"post_tag","embeddable":true,"href":"https:\/\/elmundodelapolitica.com\/v1\/wp-json\/wp\/v2\/tags?post=7840"}],"curies":[{"name":"wp","href":"https:\/\/api.w.org\/{rel}","templated":true}]}}