{"id":784,"date":"2022-10-15T01:04:40","date_gmt":"2022-10-15T05:04:40","guid":{"rendered":"https:\/\/elmundodelapolitica.com\/v1\/?p=784"},"modified":"2022-10-15T01:04:40","modified_gmt":"2022-10-15T05:04:40","slug":"resumen-awarego-presenta-una-auditoria-de-riesgos-de-ciberseguridad-de-los-empleados-para-empresas","status":"publish","type":"post","link":"https:\/\/elmundodelapolitica.com\/v1\/resumen-awarego-presenta-una-auditoria-de-riesgos-de-ciberseguridad-de-los-empleados-para-empresas\/","title":{"rendered":"Resumen: AwareGO presenta una auditor\u00eda de riesgos de ciberseguridad de los empleados para empresas"},"content":{"rendered":"<p>Los expertos en ciberseguridad de AwareGO, mediante el software propio de evaluaci\u00f3n de riesgos humanos, ayudar\u00e1n a las empresas a identificar los riesgos cruciales en ciberseguridad entre los empleados. Se trata de un paso esencial para cualquier empresa que busque reducir en gran medida las cibervulnerabilidades.<br \/>\nREIKIAVIK, Islandia&#8211;(BUSINESS WIRE)&#8211;La empresa de gesti\u00f3n de riesgos cibern\u00e9ticos y concienciaci\u00f3n humana AwareGO ha anunciado hoy que, durante el Mes Nacional de la Concienciaci\u00f3n sobre Ciberseguridad, la empresa lanza su tan esperada auditor\u00eda sobre riesgos de ciberseguridad para empleados, y su consulta.<\/p>\n<p>\"Hoy en d\u00eda, alrededor del 90 % de los ataques de ciberseguridad que tienen \u00e9xito implican a los empleados, que permiten la intrusi\u00f3n. Por tanto, es fundamental que cualquier responsable de ciberseguridad de una empresa tenga una idea clara de lo que saben los empleados y de c\u00f3mo se comportan ante posibles amenazas. Solo entonces es posible responder eficazmente con formaci\u00f3n u otros enfoques que reduzcan el riesgo\", ha declarado el CEO de AwareGO, el doctor Ari Jonsson.<\/p>\n<p>El comunicado en el idioma original es la versi\u00f3n oficial y autorizada del mismo. Esta traducci\u00f3n es solamente un medio de ayuda y deber\u00e1 ser comparada con el texto en idioma original, que es la \u00fanica versi\u00f3n del texto que tendr\u00e1 validez legal.<br \/>\n Contacts<br \/>\nGudrun Vaka Helgadottir<br \/>\nvaka@awarego.com+354 69755396<\/p>\n","protected":false},"excerpt":{"rendered":"<div>\n<p>\n<i>Los expertos en ciberseguridad de AwareGO, mediante el software propio de evaluaci\u00f3n de riesgos humanos, ayudar\u00e1n a las empresas a identificar los riesgos cruciales en ciberseguridad entre los empleados. Se trata de un paso esencial para cualquier empresa que busque reducir en gran medida las cibervulnerabilidades.<\/i>\n<\/p>\n<p><a href=\"https:\/\/mms.businesswire.com\/media\/20221013005930\/es\/1601239\/5\/AwareGO-logo-main.jpg\"><img decoding=\"async\" src=\"https:\/\/mms.businesswire.com\/media\/20221013005928\/en\/1601239\/21\/AwareGO-logo-main.jpg\"><\/a><\/p>\n<p>REIKIAVIK, Islandia&#8211;(BUSINESS WIRE)&#8211;La empresa de gesti\u00f3n de riesgos cibern\u00e9ticos y concienciaci\u00f3n humana <a target=\"_blank\" href=\"https:\/\/cts.businesswire.com\/ct\/CT?id=smartlink&amp;url=https%3A%2F%2Fwww.awarego.com%2F&amp;esheet=52944564&amp;newsitemid=20221013005930&amp;lan=es-ES&amp;anchor=AwareGO&amp;index=1&amp;md5=fb5cecb10b6619655f6f44e126052f5b\" rel=\"nofollow noopener\">AwareGO<\/a> ha anunciado hoy que, durante el Mes Nacional de la Concienciaci\u00f3n sobre Ciberseguridad, la empresa lanza su tan esperada <a target=\"_blank\" href=\"https:\/\/cts.businesswire.com\/ct\/CT?id=smartlink&amp;url=https%3A%2F%2Fawarego.com%2Femployee-cybersecurity-risk-audit%2F&amp;esheet=52944564&amp;newsitemid=20221013005930&amp;lan=es-ES&amp;anchor=auditor%26iacute%3Ba+sobre+riesgos+de+ciberseguridad+para+empleados%2C+y+su+consulta&amp;index=2&amp;md5=7cc335a3a70bf113777fc716ba38ed34\" rel=\"nofollow noopener\">auditor\u00eda sobre riesgos de ciberseguridad para empleados, y su consulta<\/a>.\n<\/p>\n<p>\n\"Hoy en d\u00eda, alrededor del 90 % de los ataques de ciberseguridad que tienen \u00e9xito implican a los empleados, que permiten la intrusi\u00f3n. Por tanto, es fundamental que cualquier responsable de ciberseguridad de una empresa tenga una idea clara de lo que saben los empleados y de c\u00f3mo se comportan ante posibles amenazas. Solo entonces es posible responder eficazmente con formaci\u00f3n u otros enfoques que reduzcan el riesgo\", ha declarado el CEO de AwareGO, el doctor Ari Jonsson.\n<\/p>\n<p>\n<i>El comunicado en el idioma original es la versi\u00f3n oficial y autorizada del mismo. Esta traducci\u00f3n es solamente un medio de ayuda y deber\u00e1 ser comparada con el texto en idioma original, que es la \u00fanica versi\u00f3n del texto que tendr\u00e1 validez legal.<\/i>\n<\/p>\n<p> <b>Contacts<\/b> <\/p>\n<p>\nGudrun Vaka Helgadottir<br \/>\n<br \/><a target=\"_blank\" href=\"mailto:vaka@awarego.com\" rel=\"nofollow noopener\">vaka@awarego.com<\/a><br \/>+354 69755396\n<\/p>\n<\/div>\n","protected":false},"author":2,"featured_media":785,"comment_status":"closed","ping_status":"closed","sticky":false,"template":"","format":"standard","meta":{"fifu_image_url":"","fifu_image_alt":"","footnotes":""},"categories":[44],"tags":[],"class_list":["post-784","post","type-post","status-publish","format-standard","has-post-thumbnail","hentry","category-business-wire"],"_links":{"self":[{"href":"https:\/\/elmundodelapolitica.com\/v1\/wp-json\/wp\/v2\/posts\/784","targetHints":{"allow":["GET"]}}],"collection":[{"href":"https:\/\/elmundodelapolitica.com\/v1\/wp-json\/wp\/v2\/posts"}],"about":[{"href":"https:\/\/elmundodelapolitica.com\/v1\/wp-json\/wp\/v2\/types\/post"}],"author":[{"embeddable":true,"href":"https:\/\/elmundodelapolitica.com\/v1\/wp-json\/wp\/v2\/users\/2"}],"replies":[{"embeddable":true,"href":"https:\/\/elmundodelapolitica.com\/v1\/wp-json\/wp\/v2\/comments?post=784"}],"version-history":[{"count":0,"href":"https:\/\/elmundodelapolitica.com\/v1\/wp-json\/wp\/v2\/posts\/784\/revisions"}],"wp:featuredmedia":[{"embeddable":true,"href":"https:\/\/elmundodelapolitica.com\/v1\/wp-json\/wp\/v2\/media\/785"}],"wp:attachment":[{"href":"https:\/\/elmundodelapolitica.com\/v1\/wp-json\/wp\/v2\/media?parent=784"}],"wp:term":[{"taxonomy":"category","embeddable":true,"href":"https:\/\/elmundodelapolitica.com\/v1\/wp-json\/wp\/v2\/categories?post=784"},{"taxonomy":"post_tag","embeddable":true,"href":"https:\/\/elmundodelapolitica.com\/v1\/wp-json\/wp\/v2\/tags?post=784"}],"curies":[{"name":"wp","href":"https:\/\/api.w.org\/{rel}","templated":true}]}}